{"id":1067,"date":"2018-01-16T20:49:10","date_gmt":"2018-01-16T19:49:10","guid":{"rendered":"https:\/\/www.pedagogie.ac-nice.fr\/svt\/?p=1067"},"modified":"2019-03-29T17:18:47","modified_gmt":"2019-03-29T16:18:47","slug":"une-animation-pour-la-regulation-nerveuse-de-lactivite-respiratoire-ventilatoire","status":"publish","type":"post","link":"https:\/\/www.pedagogie.ac-nice.fr\/svt\/?p=1067","title":{"rendered":"Une animation pour la r\u00e9gulation nerveuse de l&rsquo;activit\u00e9 respiratoire (ventilatoire)"},"content":{"rendered":"<p>Une animation autonome (fichier exe portable) permettant d&rsquo;\u00e9tudier la r\u00e9gulation nerveuse de l&rsquo;activit\u00e9 ventilatoire (ventilation).<\/p>\n<p><a href=\"https:\/\/www.pedagogie.ac-nice.fr\/svt\/?attachment_id=1257\" rel=\"attachment wp-att-1257\"><img loading=\"lazy\" decoding=\"async\" class=\"alignnone size-large wp-image-1257\" src=\"https:\/\/www.pedagogie.ac-nice.fr\/svt\/wp-content\/uploads\/sites\/5\/2018\/01\/Capture-1024x593.jpg\" alt=\"\" width=\"584\" height=\"338\" srcset=\"https:\/\/www.pedagogie.ac-nice.fr\/svt\/wp-content\/uploads\/sites\/5\/2018\/01\/Capture-1024x593.jpg 1024w, https:\/\/www.pedagogie.ac-nice.fr\/svt\/wp-content\/uploads\/sites\/5\/2018\/01\/Capture-300x174.jpg 300w, https:\/\/www.pedagogie.ac-nice.fr\/svt\/wp-content\/uploads\/sites\/5\/2018\/01\/Capture-768x445.jpg 768w, https:\/\/www.pedagogie.ac-nice.fr\/svt\/wp-content\/uploads\/sites\/5\/2018\/01\/Capture-500x290.jpg 500w, https:\/\/www.pedagogie.ac-nice.fr\/svt\/wp-content\/uploads\/sites\/5\/2018\/01\/Capture-600x348.jpg 600w, https:\/\/www.pedagogie.ac-nice.fr\/svt\/wp-content\/uploads\/sites\/5\/2018\/01\/Capture.jpg 1707w\" sizes=\"auto, (max-width: 584px) 100vw, 584px\" \/><\/a><\/p>\n<p><a href=\"https:\/\/www.pedagogie.ac-nice.fr\/svt\/productions\/flash\/regulrespi\/respi.zip\" target=\"_blank\" rel=\"noopener noreferrer\">https:\/\/www.pedagogie.ac-nice.fr\/svt\/productions\/flash\/regulrespi\/respi.zip<\/a><\/p>\n","protected":false},"excerpt":{"rendered":"<p>Une animation autonome (fichier exe portable) permettant d&rsquo;\u00e9tudier la r\u00e9gulation nerveuse de l&rsquo;activit\u00e9 ventilatoire (ventilation). https:\/\/www.pedagogie.ac-nice.fr\/svt\/productions\/flash\/regulrespi\/respi.zip<\/p>\n","protected":false},"author":74,"featured_media":1257,"comment_status":"closed","ping_status":"closed","sticky":false,"template":"","format":"standard","meta":{"ngg_post_thumbnail":0,"footnotes":""},"categories":[18,8],"tags":[9,91,159,139,158,140],"class_list":["post-1067","post","type-post","status-publish","format-standard","has-post-thumbnail","hentry","category-devant-ecran","category-logiciels","tag-flash","tag-regulation","tag-regulation-nerveuse","tag-respiratoire","tag-ventilation","tag-ventilatoire","nodate","item-wrap"],"rttpg_featured_image_url":{"full":["https:\/\/www.pedagogie.ac-nice.fr\/svt\/wp-content\/uploads\/sites\/5\/2018\/01\/Capture.jpg",1707,989,false],"landscape":["https:\/\/www.pedagogie.ac-nice.fr\/svt\/wp-content\/uploads\/sites\/5\/2018\/01\/Capture.jpg",1707,989,false],"portraits":["https:\/\/www.pedagogie.ac-nice.fr\/svt\/wp-content\/uploads\/sites\/5\/2018\/01\/Capture.jpg",1707,989,false],"thumbnail":["https:\/\/www.pedagogie.ac-nice.fr\/svt\/wp-content\/uploads\/sites\/5\/2018\/01\/Capture-150x150.jpg",150,150,true],"medium":["https:\/\/www.pedagogie.ac-nice.fr\/svt\/wp-content\/uploads\/sites\/5\/2018\/01\/Capture-300x174.jpg",300,174,true],"large":["https:\/\/www.pedagogie.ac-nice.fr\/svt\/wp-content\/uploads\/sites\/5\/2018\/01\/Capture-1024x593.jpg",436,252,true],"1536x1536":["https:\/\/www.pedagogie.ac-nice.fr\/svt\/wp-content\/uploads\/sites\/5\/2018\/01\/Capture.jpg",1536,890,false],"2048x2048":["https:\/\/www.pedagogie.ac-nice.fr\/svt\/wp-content\/uploads\/sites\/5\/2018\/01\/Capture.jpg",1707,989,false],"graphene_slider":["https:\/\/www.pedagogie.ac-nice.fr\/svt\/wp-content\/uploads\/sites\/5\/2018\/01\/Capture.jpg",182,105,false],"graphene_featured_image":["https:\/\/www.pedagogie.ac-nice.fr\/svt\/wp-content\/uploads\/sites\/5\/2018\/01\/Capture.jpg",436,253,false],"post-thumbnail":["https:\/\/www.pedagogie.ac-nice.fr\/svt\/wp-content\/uploads\/sites\/5\/2018\/01\/Capture-1000x288.jpg",694,200,true],"advps-thumb-one":["https:\/\/www.pedagogie.ac-nice.fr\/svt\/wp-content\/uploads\/sites\/5\/2018\/01\/Capture.jpg",380,220,false]},"rttpg_author":{"display_name":"Philippe COSENTINO","author_link":"https:\/\/www.pedagogie.ac-nice.fr\/svt\/?author=74"},"rttpg_comment":0,"rttpg_category":"<a href=\"https:\/\/www.pedagogie.ac-nice.fr\/svt\/?cat=18\" rel=\"category\">Devant l'\u00e9cran<\/a> <a href=\"https:\/\/www.pedagogie.ac-nice.fr\/svt\/?cat=8\" rel=\"category\">Logiciels<\/a>","rttpg_excerpt":"Une animation autonome (fichier exe portable) permettant d&rsquo;\u00e9tudier la r\u00e9gulation nerveuse de l&rsquo;activit\u00e9 ventilatoire (ventilation). https:\/\/www.pedagogie.ac-nice.fr\/svt\/productions\/flash\/regulrespi\/respi.zip","post_mailing_queue_ids":[],"_links":{"self":[{"href":"https:\/\/www.pedagogie.ac-nice.fr\/svt\/index.php?rest_route=\/wp\/v2\/posts\/1067","targetHints":{"allow":["GET"]}}],"collection":[{"href":"https:\/\/www.pedagogie.ac-nice.fr\/svt\/index.php?rest_route=\/wp\/v2\/posts"}],"about":[{"href":"https:\/\/www.pedagogie.ac-nice.fr\/svt\/index.php?rest_route=\/wp\/v2\/types\/post"}],"author":[{"embeddable":true,"href":"https:\/\/www.pedagogie.ac-nice.fr\/svt\/index.php?rest_route=\/wp\/v2\/users\/74"}],"replies":[{"embeddable":true,"href":"https:\/\/www.pedagogie.ac-nice.fr\/svt\/index.php?rest_route=%2Fwp%2Fv2%2Fcomments&post=1067"}],"version-history":[{"count":5,"href":"https:\/\/www.pedagogie.ac-nice.fr\/svt\/index.php?rest_route=\/wp\/v2\/posts\/1067\/revisions"}],"predecessor-version":[{"id":1259,"href":"https:\/\/www.pedagogie.ac-nice.fr\/svt\/index.php?rest_route=\/wp\/v2\/posts\/1067\/revisions\/1259"}],"wp:featuredmedia":[{"embeddable":true,"href":"https:\/\/www.pedagogie.ac-nice.fr\/svt\/index.php?rest_route=\/wp\/v2\/media\/1257"}],"wp:attachment":[{"href":"https:\/\/www.pedagogie.ac-nice.fr\/svt\/index.php?rest_route=%2Fwp%2Fv2%2Fmedia&parent=1067"}],"wp:term":[{"taxonomy":"category","embeddable":true,"href":"https:\/\/www.pedagogie.ac-nice.fr\/svt\/index.php?rest_route=%2Fwp%2Fv2%2Fcategories&post=1067"},{"taxonomy":"post_tag","embeddable":true,"href":"https:\/\/www.pedagogie.ac-nice.fr\/svt\/index.php?rest_route=%2Fwp%2Fv2%2Ftags&post=1067"}],"curies":[{"name":"wp","href":"https:\/\/api.w.org\/{rel}","templated":true}]}}