{"id":1855,"date":"2020-01-27T20:53:13","date_gmt":"2020-01-27T19:53:13","guid":{"rendered":"https:\/\/www.pedagogie.ac-nice.fr\/svt\/?p=1855"},"modified":"2020-02-07T10:46:34","modified_gmt":"2020-02-07T09:46:34","slug":"metadonnees-et-respect-de-la-vie-privee-lexemple-des-fichiers-irm","status":"publish","type":"post","link":"https:\/\/www.pedagogie.ac-nice.fr\/svt\/?p=1855","title":{"rendered":"M\u00e9tadonn\u00e9es et respect de la vie priv\u00e9e : l&rsquo;exemple des fichiers IRM"},"content":{"rendered":"<p style=\"text-align: right;\"><em>par Philippe Cosentino<\/em><\/p>\n<h1>La banalisation de l&rsquo;usage des images m\u00e9dicales en classe<\/h1>\n<p>Avec l&rsquo;arriv\u00e9e de logiciels tels qu&rsquo;EduAnatomist puis, r\u00e9cemment, d&rsquo;EduAnat2, l&rsquo;exploitation d&rsquo;images m\u00e9dicales en classe s&rsquo;est banalis\u00e9e. C&rsquo;est une bonne chose pour une mati\u00e8re telle que les SVT, qui doivent \u00eatre ancr\u00e9es le plus possible dans le r\u00e9el ; or c&rsquo;est bien le cas lorsque l&rsquo;\u00e9l\u00e8ve observe des IRM montrant des tumeurs ou les cons\u00e9quences d&rsquo;un AVC.<\/p>\n<p>Mais cet ancrage dans le r\u00e9el est tel qu&rsquo;il pr\u00e9sente un risque : ce sont \u00e0 des cas cliniques bien concrets auxquels les \u00e9l\u00e8ves sont confront\u00e9s.<!--more--><\/p>\n<div id=\"attachment_1858\" style=\"width: 894px\" class=\"wp-caption alignnone\"><a href=\"https:\/\/www.pedagogie.ac-nice.fr\/svt\/?attachment_id=1858\" rel=\"attachment wp-att-1858\"><img loading=\"lazy\" decoding=\"async\" aria-describedby=\"caption-attachment-1858\" class=\"wp-image-1858 size-full\" title=\"Capture d'\u00e9cran du logiciel EduAnat2 montrant une tumeur situ\u00e9e dans le lobe occipital\" src=\"https:\/\/www.pedagogie.ac-nice.fr\/svt\/wp-content\/uploads\/sites\/5\/2020\/01\/Capture-8.jpg\" alt=\"Capture d'\u00e9cran du logiciel EduAnat2 montrant une tumeur situ\u00e9e dans le lobe occipital\" width=\"894\" height=\"594\" srcset=\"https:\/\/www.pedagogie.ac-nice.fr\/svt\/wp-content\/uploads\/sites\/5\/2020\/01\/Capture-8.jpg 894w, https:\/\/www.pedagogie.ac-nice.fr\/svt\/wp-content\/uploads\/sites\/5\/2020\/01\/Capture-8-300x199.jpg 300w, https:\/\/www.pedagogie.ac-nice.fr\/svt\/wp-content\/uploads\/sites\/5\/2020\/01\/Capture-8-768x510.jpg 768w, https:\/\/www.pedagogie.ac-nice.fr\/svt\/wp-content\/uploads\/sites\/5\/2020\/01\/Capture-8-452x300.jpg 452w, https:\/\/www.pedagogie.ac-nice.fr\/svt\/wp-content\/uploads\/sites\/5\/2020\/01\/Capture-8-600x399.jpg 600w\" sizes=\"auto, (max-width: 894px) 100vw, 894px\" \/><\/a><p id=\"caption-attachment-1858\" class=\"wp-caption-text\">Capture d&rsquo;\u00e9cran du logiciel EduAnat2 montrant une tumeur situ\u00e9e dans le lobe occipital<\/p><\/div>\n<h1><\/h1>\n<h1>L&rsquo;incontournable consentement du patient<\/h1>\n<p>Bien entendu, ces images ont \u00e9t\u00e9 obtenues dans le respect des lois, et des r\u00e8gles de bio\u00e9thique. Un consentement \u00e9crit du patient est indispensable, et l&rsquo;utilisation des images obtenues doit se faire dans des limites d\u00e9finies de mani\u00e8re tr\u00e8s strictes.<\/p>\n<p>A l&rsquo;heure du RGPD, rien ne peut \u00eatre laiss\u00e9 au hasard en mati\u00e8re de respect de la vie priv\u00e9e, et de collecte d&rsquo;informations sensibles. Ces nouvelles r\u00e9glementation ont frein\u00e9 l&rsquo;acquisition de nouvelles images et on comprend mieux pourquoi la mise en place d&rsquo;une banque d&rsquo;images m\u00e9dicales comme AnaPeda a n\u00e9cessit\u00e9 une \u00e9troite collaboration entre les services juridiques du CHU de Nice et de l&rsquo;ENS de Lyon.<\/p>\n<div id=\"attachment_1859\" style=\"width: 579px\" class=\"wp-caption alignnone\"><a href=\"https:\/\/www.pedagogie.ac-nice.fr\/svt\/?attachment_id=1859\" rel=\"attachment wp-att-1859\"><img loading=\"lazy\" decoding=\"async\" aria-describedby=\"caption-attachment-1859\" class=\"size-full wp-image-1859\" src=\"https:\/\/www.pedagogie.ac-nice.fr\/svt\/wp-content\/uploads\/sites\/5\/2020\/01\/Capture-9.jpg\" alt=\"Extrait de la d\u00e9claration de consentement que le patient doit remplir\" width=\"579\" height=\"513\" srcset=\"https:\/\/www.pedagogie.ac-nice.fr\/svt\/wp-content\/uploads\/sites\/5\/2020\/01\/Capture-9.jpg 579w, https:\/\/www.pedagogie.ac-nice.fr\/svt\/wp-content\/uploads\/sites\/5\/2020\/01\/Capture-9-300x266.jpg 300w, https:\/\/www.pedagogie.ac-nice.fr\/svt\/wp-content\/uploads\/sites\/5\/2020\/01\/Capture-9-339x300.jpg 339w\" sizes=\"auto, (max-width: 579px) 100vw, 579px\" \/><\/a><p id=\"caption-attachment-1859\" class=\"wp-caption-text\">Extrait de la d\u00e9claration de consentement que le patient doit remplir<\/p><\/div>\n<p><strong>Une anonymisation indispensable<\/strong><\/p>\n<p>L&rsquo;une des pr\u00e9cautions \u00e9l\u00e9mentaire que l&rsquo;on doit prendre lorsque l&rsquo;on cr\u00e9e du mat\u00e9riel p\u00e9dagogique avec des IRM de vrais patients est d&rsquo;anonymiser ces derniers. Toutes les pr\u00e9cautions doivent \u00eatre prises, pour que personne ne puisse remonter au patient \u00e0 partir du fichier IRM. Tel patiente ayant autoris\u00e9 l&rsquo;utilisation de son IRM des ovaires ne souhaite probablement pas que tous les \u00e9l\u00e8ves de France connaisse son nom, son adresse, ses ant\u00e9c\u00e9dents m\u00e9dicaux, etc.<\/p>\n<p><strong>Des m\u00e9tadonn\u00e9es tr\u00e8s sensibles<\/strong><\/p>\n<p>Or toutes ces donn\u00e9es sensibles sont pr\u00e9sentes dans les m\u00e9tadonn\u00e9es des fichiers ou dossiers d&rsquo;imagerie m\u00e9dicale !<\/p>\n<p>Ils sont d&rsquo;ailleurs facilement accessibles d\u00e8s lors qu&rsquo;on dispose d&rsquo;un logiciel permettant d&rsquo;afficher de telles images (\u00e0 l&rsquo;exception d&rsquo;EduAnat2, o\u00f9 nous avons fait le choix de ne pas en permettre l&rsquo;affichage).<\/p>\n<p>Dans cet exemple, une IRM d&rsquo;oreille interne au format DICOM que m&rsquo;a envoy\u00e9e une coll\u00e8gue (afin que je l&rsquo;incorpore dans la base de donn\u00e9es AnaPeda), il m&rsquo;a suffi, apr\u00e8s avoir charg\u00e9 le fichier dans un logiciel d&rsquo;imagerie, de cliquer sur un simple bouton \u00ab\u00a0Metadata\u00a0\u00bb (m\u00e9tadonn\u00e9es en anglais) pour acc\u00e9der \u00e0 une quantit\u00e9 impressionnante d&rsquo;informations concernant la patiente : son nom complet, sa date de naissance, son \u00e2ge (ici 41 ans), sa masse, le nom de son m\u00e9decin, l&rsquo;adresse de l&rsquo;h\u00f4pital, les probl\u00e8mes de sant\u00e9 pour laquelle elle consulte etc.<\/p>\n<div id=\"attachment_1856\" style=\"width: 508px\" class=\"wp-caption alignnone\"><a href=\"https:\/\/www.pedagogie.ac-nice.fr\/svt\/?attachment_id=1856\" rel=\"attachment wp-att-1856\"><img loading=\"lazy\" decoding=\"async\" aria-describedby=\"caption-attachment-1856\" class=\"wp-image-1856 size-full\" title=\"Capture d'\u00e9cran de la fen\u00eatre &quot;Metadata&quot; du logiciel Slicer\" src=\"https:\/\/www.pedagogie.ac-nice.fr\/svt\/wp-content\/uploads\/sites\/5\/2020\/01\/Capture-6.jpg\" alt=\"Capture d'\u00e9cran de la fen\u00eatre &quot;Metadata&quot; du logiciel Slicer\" width=\"508\" height=\"387\" srcset=\"https:\/\/www.pedagogie.ac-nice.fr\/svt\/wp-content\/uploads\/sites\/5\/2020\/01\/Capture-6.jpg 508w, https:\/\/www.pedagogie.ac-nice.fr\/svt\/wp-content\/uploads\/sites\/5\/2020\/01\/Capture-6-300x229.jpg 300w, https:\/\/www.pedagogie.ac-nice.fr\/svt\/wp-content\/uploads\/sites\/5\/2020\/01\/Capture-6-394x300.jpg 394w\" sizes=\"auto, (max-width: 508px) 100vw, 508px\" \/><\/a><p id=\"caption-attachment-1856\" class=\"wp-caption-text\">Capture d&rsquo;\u00e9cran de la fen\u00eatre \u00ab\u00a0Metadata\u00a0\u00bb du logiciel Slicer<\/p><\/div>\n<p>Bien entendu, on y trouve \u00e9galement un tas d&rsquo;informations utiles, telles que la pond\u00e9ration utilis\u00e9e, T1 en l&rsquo;occurrence, la puissance de l&rsquo;aimant (3Tesla) la r\u00e9solution, les corrections apport\u00e9es etc., mais ce n&rsquo;est pas l&rsquo;objet de cet article.<\/p>\n<div id=\"attachment_1857\" style=\"width: 511px\" class=\"wp-caption alignnone\"><a href=\"https:\/\/www.pedagogie.ac-nice.fr\/svt\/?attachment_id=1857\" rel=\"attachment wp-att-1857\"><img loading=\"lazy\" decoding=\"async\" aria-describedby=\"caption-attachment-1857\" class=\"size-full wp-image-1857\" src=\"https:\/\/www.pedagogie.ac-nice.fr\/svt\/wp-content\/uploads\/sites\/5\/2020\/01\/Capture-7.jpg\" alt=\"\" width=\"511\" height=\"388\" srcset=\"https:\/\/www.pedagogie.ac-nice.fr\/svt\/wp-content\/uploads\/sites\/5\/2020\/01\/Capture-7.jpg 511w, https:\/\/www.pedagogie.ac-nice.fr\/svt\/wp-content\/uploads\/sites\/5\/2020\/01\/Capture-7-300x228.jpg 300w, https:\/\/www.pedagogie.ac-nice.fr\/svt\/wp-content\/uploads\/sites\/5\/2020\/01\/Capture-7-395x300.jpg 395w\" sizes=\"auto, (max-width: 511px) 100vw, 511px\" \/><\/a><p id=\"caption-attachment-1857\" class=\"wp-caption-text\">Capture d&rsquo;\u00e9cran de la fen\u00eatre \u00ab\u00a0Metadata\u00a0\u00bb du logiciel Slicer<\/p><\/div>\n<p>&nbsp;<\/p>\n<h1>Prudence avec les m\u00e9tadonn\u00e9es<\/h1>\n<p>Dans le cas des fichiers de la banque \u00ab\u00a0AnaPeda\u00a0\u00bb, utilis\u00e9s dans EduAnat2, toutes ces m\u00e9tadonn\u00e9es indiscr\u00e8tes ont \u00e9t\u00e9 effac\u00e9es du fichier. L&rsquo;\u00e9l\u00e8ve n&rsquo;a aucun moyen de remonter jusqu&rsquo;au patient.<\/p>\n<p>Cependant, le cas s&rsquo;est d\u00e9j\u00e0 pr\u00e9sent\u00e9 au moins une fois, o\u00f9 un coll\u00e8gue maladroit a souhait\u00e9 faire travailler ses \u00e9l\u00e8ves sur une IRM de son genou avec un logiciel autre qu&rsquo;EduAnat2 (qui n&rsquo;affichera jamais les m\u00e9tadonn\u00e9es). Au final, rien de bien grave, mais ses \u00e9l\u00e8ves ont rapidement pu d\u00e9terminer la date de naissance de leur professeur, sa masse, et peut-\u00eatre d&rsquo;autres petits d\u00e9tails concernant la sant\u00e9 de son genou. Si cela avait concern\u00e9 un \u00e9l\u00e8ve (les \u00e9l\u00e8ves proposent parfois \u00e0 leur professeur, dans un \u00e9lan louable, des CD de l&rsquo;IRM de leur derni\u00e8re fracture), et que les parents en avaient eu vent, des poursuites auraient peut-\u00eatre suivi la \u00ab\u00a0fuite\u00a0\u00bb de ces m\u00e9tadonn\u00e9es.<\/p>\n<p>&nbsp;<\/p>\n<h1>Un probl\u00e8me qui ne concerne pas que les fichiers IRM<\/h1>\n<p>Il n&rsquo;y a pas qu&rsquo;avec les IRM que les m\u00e9tadonn\u00e9es posent un probl\u00e8me vis \u00e0 vis de la vie priv\u00e9e.<\/p>\n<p>Le moindre document issu d&rsquo;un logiciel de traitement de texte ou d&rsquo;image comporte g\u00e9n\u00e9ralement le nom complet de l&rsquo;auteur dans ses m\u00e9tadonn\u00e9es. Il est important de le garder en t\u00eate lorsque l&rsquo;on distribue un document que l&rsquo;on souhaite garder anonyme. A l&rsquo;inverse, diffuser un document cr\u00e9\u00e9 par un \u00e9l\u00e8ve posera le souci de la divulgation de son nom complet.<\/p>\n<div id=\"attachment_1860\" style=\"width: 474px\" class=\"wp-caption alignnone\"><a href=\"https:\/\/www.pedagogie.ac-nice.fr\/svt\/?attachment_id=1860\" rel=\"attachment wp-att-1860\"><img loading=\"lazy\" decoding=\"async\" aria-describedby=\"caption-attachment-1860\" class=\"wp-image-1860 size-full\" title=\"Capture d'\u00e9cran des &quot;propri\u00e9t\u00e9s&quot; d'un fichier cr\u00e9\u00e9 par Word\" src=\"https:\/\/www.pedagogie.ac-nice.fr\/svt\/wp-content\/uploads\/sites\/5\/2020\/01\/Capture-10.jpg\" alt=\"Capture d'\u00e9cran des &quot;propri\u00e9t\u00e9s&quot; d'un fichier cr\u00e9\u00e9 par Word\" width=\"474\" height=\"206\" srcset=\"https:\/\/www.pedagogie.ac-nice.fr\/svt\/wp-content\/uploads\/sites\/5\/2020\/01\/Capture-10.jpg 474w, https:\/\/www.pedagogie.ac-nice.fr\/svt\/wp-content\/uploads\/sites\/5\/2020\/01\/Capture-10-300x130.jpg 300w\" sizes=\"auto, (max-width: 474px) 100vw, 474px\" \/><\/a><p id=\"caption-attachment-1860\" class=\"wp-caption-text\">Capture d&rsquo;\u00e9cran des \u00ab\u00a0propri\u00e9t\u00e9s\u00a0\u00bb d&rsquo;un fichier cr\u00e9\u00e9 par Word<\/p><\/div>\n<p>Pire : avec la banalisation de la g\u00e9olocalisation, la moindre photographie prise \u00e0 partir d&rsquo;un t\u00e9l\u00e9phone (notamment par nos \u00e9l\u00e8ves) contient dans ses m\u00e9tadonn\u00e9es les coordonn\u00e9es de la prise de vue. Un \u00e9l\u00e8ve peut ainsi, en diffusant une photographie, rendre publique les coordonn\u00e9es de sa maison, de son \u00e9cole, en plus de son nom complet.<\/p>\n<p>Dans le cadre de l&rsquo;enseignement de SNT, en classe de 2de, les \u00e9l\u00e8ves sont fortement sensibilis\u00e9s \u00e0 ce probl\u00e8me, dans au moins 3 des 7 chapitres (g\u00e9olocalisation, donn\u00e9es structur\u00e9es, photographie num\u00e9rique &#8230;). C&rsquo;est une bonne chose, mais cela signifie \u00e9galement qu&rsquo;ils seront plus regardant concernant les donn\u00e9es et m\u00e9tadonn\u00e9es que nous diffusons \u00e0 partir de leurs travaux. Il convient donc d&rsquo;\u00eatre tr\u00e8s prudent.<\/p>\n<p>On rappelle \u00e9galement que la compr\u00e9hension des m\u00e9tadonn\u00e9es fait partie du <a href=\"https:\/\/cache.media.eduscol.education.fr\/file\/CRCNum\/37\/9\/Tableau_par_competence_1136379.pdf\" target=\"_blank\" rel=\"noopener noreferrer\">r\u00e9f\u00e9rentiel CRCN<\/a> qui encadre l&rsquo;\u00e9valuation des comp\u00e9tences num\u00e9riques (domaine \u00ab\u00a0Informations et donn\u00e9es\u00a0\u00bb, comp\u00e9tence niveau 5 \u00ab\u00a0Comprendre les m\u00e9tadonn\u00e9es et leur<br \/>\nfonctionnement\u00a0\u00bb).<\/p>\n<div id=\"attachment_1861\" style=\"width: 301px\" class=\"wp-caption alignnone\"><a href=\"https:\/\/www.pedagogie.ac-nice.fr\/svt\/?attachment_id=1861\" rel=\"attachment wp-att-1861\"><img loading=\"lazy\" decoding=\"async\" aria-describedby=\"caption-attachment-1861\" class=\"wp-image-1861 size-full\" title=\"Coordonn\u00e9es de prise de vue dans les m\u00e9tadonn\u00e9es EXIF d'une photographie\" src=\"https:\/\/www.pedagogie.ac-nice.fr\/svt\/wp-content\/uploads\/sites\/5\/2020\/01\/Capture-11.jpg\" alt=\"Coordonn\u00e9es de prise de vue dans les m\u00e9tadonn\u00e9es EXIF d'une photographie\" width=\"301\" height=\"163\" \/><\/a><p id=\"caption-attachment-1861\" class=\"wp-caption-text\">Coordonn\u00e9es de prise de vue dans les m\u00e9tadonn\u00e9es EXIF d&rsquo;une photographie<\/p><\/div>\n<p>&nbsp;<\/p>\n<h1>Des donn\u00e9es \u00e9galement sensibles<\/h1>\n<p>Pour terminer, et pour en revenir aux donn\u00e9es m\u00e9dicales, on pourrait penser, que seules les m\u00e9tadonn\u00e9es permettent de remonter au patient. Il n&rsquo;en est rien.<\/p>\n<p>Les donn\u00e9es des IRM et scanographies elles-m\u00eames pr\u00e9sentent un probl\u00e8me potentiel. En effet, \u00e0 partir des \u00ab\u00a0tranches\u00a0\u00bb d&rsquo;une IRM, il est tr\u00e8s facile de reconstituer le visage du patient dans ses 3 dimensions. Dans certains cas, le r\u00e9sultat est si pr\u00e9cis, que ce visage est facilement reconnaissable pour un familier du patient. C&rsquo;est l&rsquo;une des raisons qui nous ont pouss\u00e9 \u00e0 r\u00e9duire la r\u00e9solution des mod\u00e8les tridimensionnels de t\u00eate dans EduAnat2.<\/p>\n<div id=\"attachment_1863\" style=\"width: 264px\" class=\"wp-caption alignnone\"><a href=\"https:\/\/www.pedagogie.ac-nice.fr\/svt\/?attachment_id=1863\" rel=\"attachment wp-att-1863\"><img loading=\"lazy\" decoding=\"async\" aria-describedby=\"caption-attachment-1863\" class=\"size-full wp-image-1863\" src=\"https:\/\/www.pedagogie.ac-nice.fr\/svt\/wp-content\/uploads\/sites\/5\/2020\/01\/Capture-12.jpg\" alt=\"Reconstitution (tr\u00e8s flout\u00e9e) du visage du sujet 13231\" width=\"264\" height=\"245\" \/><\/a><p id=\"caption-attachment-1863\" class=\"wp-caption-text\">Reconstitution (tr\u00e8s flout\u00e9e) du visage du sujet 13231<\/p><\/div>\n<p>Avec le d\u00e9veloppement de l&rsquo;intelligence artificielle et de la reconnaissance faciale, on peut raisonnablement penser que dans un avenir proche, une application serait capable d&rsquo;identifier un visage \u00ab\u00a0reconstitu\u00e9\u00a0\u00bb et donc d&rsquo;associer un nom \u00e0 un fichier IRM dont les m\u00e9tadonn\u00e9es auraient pourtant \u00e9t\u00e9 anonymis\u00e9es. La r\u00e9alit\u00e9 pourrait rapidement rattraper la science fiction en ce domaine !<\/p>\n<p>&nbsp;<\/p>\n<h1>Liens<\/h1>\n<p style=\"padding-left: 40px;\"><a href=\"http:\/\/acces.ens-lyon.fr\/acces\/thematiques\/neurosciences\/outils-numeriques\/eduanat2-et-anapeda\/anapeda-la-banque-dimages-du-logiciel-eduanat2\" target=\"_blank\" rel=\"noopener noreferrer\">Lien vers la banque AnaPeda sur le site de l&rsquo;ENS de Lyon<\/a><\/p>\n<p style=\"padding-left: 40px;\"><a href=\"https:\/\/www.pedagogie.ac-nice.fr\/svt\/?tag=traams2020\">Autres articles en lien avec les TRAAMs 2019-2020 sur les m\u00e9tadonn\u00e9es<\/a><\/p>\n","protected":false},"excerpt":{"rendered":"<p>par Philippe Cosentino La banalisation de l&rsquo;usage des images m\u00e9dicales en classe Avec l&rsquo;arriv\u00e9e de logiciels tels qu&rsquo;EduAnatomist puis, r\u00e9cemment, d&rsquo;EduAnat2, l&rsquo;exploitation d&rsquo;images m\u00e9dicales en classe s&rsquo;est banalis\u00e9e. C&rsquo;est une bonne chose pour une mati\u00e8re telle que les SVT, qui doivent \u00eatre ancr\u00e9es le plus possible dans le r\u00e9el ; or c&rsquo;est bien le cas &hellip; <\/p>\n<p><a class=\"more-link btn\" href=\"https:\/\/www.pedagogie.ac-nice.fr\/svt\/?p=1855\">Lire la suite<\/a><\/p>\n","protected":false},"author":74,"featured_media":1865,"comment_status":"closed","ping_status":"closed","sticky":false,"template":"","format":"standard","meta":{"ngg_post_thumbnail":0,"footnotes":""},"categories":[18,1,57],"tags":[243,137,237,235],"class_list":["post-1855","post","type-post","status-publish","format-standard","has-post-thumbnail","hentry","category-devant-ecran","category-non-classe","category-veille-technologique","tag-crcn","tag-eduanat2","tag-metadonnees","tag-traams2020","nodate","item-wrap"],"rttpg_featured_image_url":{"full":["https:\/\/www.pedagogie.ac-nice.fr\/svt\/wp-content\/uploads\/sites\/5\/2020\/01\/Capture-13.jpg",1440,150,false],"landscape":["https:\/\/www.pedagogie.ac-nice.fr\/svt\/wp-content\/uploads\/sites\/5\/2020\/01\/Capture-13.jpg",1440,150,false],"portraits":["https:\/\/www.pedagogie.ac-nice.fr\/svt\/wp-content\/uploads\/sites\/5\/2020\/01\/Capture-13.jpg",1440,150,false],"thumbnail":["https:\/\/www.pedagogie.ac-nice.fr\/svt\/wp-content\/uploads\/sites\/5\/2020\/01\/Capture-13-150x150.jpg",150,150,true],"medium":["https:\/\/www.pedagogie.ac-nice.fr\/svt\/wp-content\/uploads\/sites\/5\/2020\/01\/Capture-13-300x31.jpg",300,31,true],"large":["https:\/\/www.pedagogie.ac-nice.fr\/svt\/wp-content\/uploads\/sites\/5\/2020\/01\/Capture-13-1024x107.jpg",436,46,true],"1536x1536":["https:\/\/www.pedagogie.ac-nice.fr\/svt\/wp-content\/uploads\/sites\/5\/2020\/01\/Capture-13.jpg",1440,150,false],"2048x2048":["https:\/\/www.pedagogie.ac-nice.fr\/svt\/wp-content\/uploads\/sites\/5\/2020\/01\/Capture-13.jpg",1440,150,false],"graphene_slider":["https:\/\/www.pedagogie.ac-nice.fr\/svt\/wp-content\/uploads\/sites\/5\/2020\/01\/Capture-13.jpg",182,19,false],"graphene_featured_image":["https:\/\/www.pedagogie.ac-nice.fr\/svt\/wp-content\/uploads\/sites\/5\/2020\/01\/Capture-13.jpg",436,45,false],"post-thumbnail":["https:\/\/www.pedagogie.ac-nice.fr\/svt\/wp-content\/uploads\/sites\/5\/2020\/01\/Capture-13-1000x150.jpg",1000,150,true],"advps-thumb-one":["https:\/\/www.pedagogie.ac-nice.fr\/svt\/wp-content\/uploads\/sites\/5\/2020\/01\/Capture-13.jpg",600,63,false]},"rttpg_author":{"display_name":"Philippe COSENTINO","author_link":"https:\/\/www.pedagogie.ac-nice.fr\/svt\/?author=74"},"rttpg_comment":0,"rttpg_category":"<a href=\"https:\/\/www.pedagogie.ac-nice.fr\/svt\/?cat=18\" rel=\"category\">Devant l'\u00e9cran<\/a> <a href=\"https:\/\/www.pedagogie.ac-nice.fr\/svt\/?cat=1\" rel=\"category\">Non class\u00e9<\/a> <a href=\"https:\/\/www.pedagogie.ac-nice.fr\/svt\/?cat=57\" rel=\"category\">Veille technologique<\/a>","rttpg_excerpt":"par Philippe Cosentino La banalisation de l&rsquo;usage des images m\u00e9dicales en classe Avec l&rsquo;arriv\u00e9e de logiciels tels qu&rsquo;EduAnatomist puis, r\u00e9cemment, d&rsquo;EduAnat2, l&rsquo;exploitation d&rsquo;images m\u00e9dicales en classe s&rsquo;est banalis\u00e9e. C&rsquo;est une bonne chose pour une mati\u00e8re telle que les SVT, qui doivent \u00eatre ancr\u00e9es le plus possible dans le r\u00e9el ; or c&rsquo;est bien le cas\u2026","post_mailing_queue_ids":[],"_links":{"self":[{"href":"https:\/\/www.pedagogie.ac-nice.fr\/svt\/index.php?rest_route=\/wp\/v2\/posts\/1855","targetHints":{"allow":["GET"]}}],"collection":[{"href":"https:\/\/www.pedagogie.ac-nice.fr\/svt\/index.php?rest_route=\/wp\/v2\/posts"}],"about":[{"href":"https:\/\/www.pedagogie.ac-nice.fr\/svt\/index.php?rest_route=\/wp\/v2\/types\/post"}],"author":[{"embeddable":true,"href":"https:\/\/www.pedagogie.ac-nice.fr\/svt\/index.php?rest_route=\/wp\/v2\/users\/74"}],"replies":[{"embeddable":true,"href":"https:\/\/www.pedagogie.ac-nice.fr\/svt\/index.php?rest_route=%2Fwp%2Fv2%2Fcomments&post=1855"}],"version-history":[{"count":8,"href":"https:\/\/www.pedagogie.ac-nice.fr\/svt\/index.php?rest_route=\/wp\/v2\/posts\/1855\/revisions"}],"predecessor-version":[{"id":1876,"href":"https:\/\/www.pedagogie.ac-nice.fr\/svt\/index.php?rest_route=\/wp\/v2\/posts\/1855\/revisions\/1876"}],"wp:featuredmedia":[{"embeddable":true,"href":"https:\/\/www.pedagogie.ac-nice.fr\/svt\/index.php?rest_route=\/wp\/v2\/media\/1865"}],"wp:attachment":[{"href":"https:\/\/www.pedagogie.ac-nice.fr\/svt\/index.php?rest_route=%2Fwp%2Fv2%2Fmedia&parent=1855"}],"wp:term":[{"taxonomy":"category","embeddable":true,"href":"https:\/\/www.pedagogie.ac-nice.fr\/svt\/index.php?rest_route=%2Fwp%2Fv2%2Fcategories&post=1855"},{"taxonomy":"post_tag","embeddable":true,"href":"https:\/\/www.pedagogie.ac-nice.fr\/svt\/index.php?rest_route=%2Fwp%2Fv2%2Ftags&post=1855"}],"curies":[{"name":"wp","href":"https:\/\/api.w.org\/{rel}","templated":true}]}}