{"id":3700,"date":"2022-10-05T15:20:10","date_gmt":"2022-10-05T13:20:10","guid":{"rendered":"https:\/\/www.pedagogie.ac-nice.fr\/svt\/?p=3700"},"modified":"2023-05-30T11:25:05","modified_gmt":"2023-05-30T09:25:05","slug":"vademecum-mise-a-jour-doctobre-2022-de-lepreuve-devaluation-des-competences-experimentales-ece","status":"publish","type":"post","link":"https:\/\/www.pedagogie.ac-nice.fr\/svt\/?p=3700","title":{"rendered":"Vademecum (mise \u00e0 jour d&rsquo;octobre 2022) de l&rsquo;\u00e9preuve d\u2019\u00e9valuation des comp\u00e9tences exp\u00e9rimentales (ECE)"},"content":{"rendered":"<p>Ch\u00e8res et chers coll\u00e8gues,<\/p>\n<p>L\u2019\u00e9volution attendue de l\u2019\u00e9preuve d\u2019<strong>\u00e9valuation des comp\u00e9tences exp\u00e9rimentales<\/strong> (ECE) entrera en vigueur \u00e0 compter de la session 2023 du baccalaur\u00e9at.<\/p>\n<p>Vous trouverez <strong>une<a href=\"https:\/\/www.pedagogie.ac-nice.fr\/svt\/wp-content\/uploads\/sites\/5\/2022\/10\/VDMC-ECE_2023-VDEF-27-09-2022.pdf\" target=\"_blank\" rel=\"noopener\"> version mise \u00e0 jour du vademecum<\/a><\/strong> pour les ECE 2023, qui pr\u00e9cise les derniers ajustements, r\u00e9cemment publi\u00e9e par l\u2019Inspection g\u00e9n\u00e9rale. <!--more--><\/p>\n<p>Ce document pr\u00e9cise et simplifie pour les \u00e9l\u00e8ves les attendus de l\u2019\u00e9preuve et il vous permettra de les former dans les meilleures conditions.<\/p>\n<p>Nous sommes \u00e0 votre \u00e9coute pour vous apporter tout l\u2019accompagnement n\u00e9cessaire.<\/p>\n<p>Bien cordialement<\/p>\n<p>Les Inspectrices<\/p>\n<p><a href=\"https:\/\/www.pedagogie.ac-nice.fr\/\/svt\/productions\/ressources_pdf\/vademecum-15-11-2022.pdf\" target=\"_blank\" rel=\"noopener\">&gt;&gt; T\u00e9l\u00e9charger au format .pdf (MAJ DU 15\/11\/2022) &lt;&lt;<\/a><\/p>\n<p>&gt;&gt; <a href=\"https:\/\/www.pedagogie.ac-nice.fr\/\/svt\/productions\/zip\/sujets0-ece-15-11-2022.zip\" target=\"_blank\" rel=\"noopener\">T\u00e9l\u00e9charger les sujets 0 au format .zip (archive)<\/a> (MAJ DU 15\/11\/2022) &lt;&lt;<\/p>\n","protected":false},"excerpt":{"rendered":"<p>Ch\u00e8res et chers coll\u00e8gues, L\u2019\u00e9volution attendue de l\u2019\u00e9preuve d\u2019\u00e9valuation des comp\u00e9tences exp\u00e9rimentales (ECE) entrera en vigueur \u00e0 compter de la session 2023 du baccalaur\u00e9at. Vous trouverez une version mise \u00e0 jour du vademecum pour les ECE 2023, qui pr\u00e9cise les derniers ajustements, r\u00e9cemment publi\u00e9e par l\u2019Inspection g\u00e9n\u00e9rale.<\/p><p><a class=\"more-link btn\" href=\"https:\/\/www.pedagogie.ac-nice.fr\/svt\/?p=3700\">Lire la suite<\/a><\/p>\n","protected":false},"author":74,"featured_media":0,"comment_status":"closed","ping_status":"closed","sticky":false,"template":"","format":"standard","meta":{"ngg_post_thumbnail":0,"footnotes":""},"categories":[4,127,103,358],"tags":[460,458,459],"class_list":["post-3700","post","type-post","status-publish","format-standard","hentry","category-classe","category-en-lycee","category-ressources-pour-lenseignant","category-terminale","tag-460","tag-ece","tag-vademecum","nodate","item-wrap"],"rttpg_featured_image_url":null,"rttpg_author":{"display_name":"Philippe COSENTINO","author_link":"https:\/\/www.pedagogie.ac-nice.fr\/svt\/?author=74"},"rttpg_comment":0,"rttpg_category":"<a href=\"https:\/\/www.pedagogie.ac-nice.fr\/svt\/?cat=4\" rel=\"category\">En classe<\/a> <a href=\"https:\/\/www.pedagogie.ac-nice.fr\/svt\/?cat=127\" rel=\"category\">En lyc\u00e9e<\/a> <a href=\"https:\/\/www.pedagogie.ac-nice.fr\/svt\/?cat=103\" rel=\"category\">Ressources pour l'enseignant<\/a> <a href=\"https:\/\/www.pedagogie.ac-nice.fr\/svt\/?cat=358\" rel=\"category\">Terminale<\/a>","rttpg_excerpt":"Ch\u00e8res et chers coll\u00e8gues, L\u2019\u00e9volution attendue de l\u2019\u00e9preuve d\u2019\u00e9valuation des comp\u00e9tences exp\u00e9rimentales (ECE) entrera en vigueur \u00e0 compter de la session 2023 du baccalaur\u00e9at. Vous trouverez une version mise \u00e0 jour du vademecum pour les ECE 2023, qui pr\u00e9cise les derniers ajustements, r\u00e9cemment publi\u00e9e par l\u2019Inspection g\u00e9n\u00e9rale.","post_mailing_queue_ids":[],"_links":{"self":[{"href":"https:\/\/www.pedagogie.ac-nice.fr\/svt\/index.php?rest_route=\/wp\/v2\/posts\/3700","targetHints":{"allow":["GET"]}}],"collection":[{"href":"https:\/\/www.pedagogie.ac-nice.fr\/svt\/index.php?rest_route=\/wp\/v2\/posts"}],"about":[{"href":"https:\/\/www.pedagogie.ac-nice.fr\/svt\/index.php?rest_route=\/wp\/v2\/types\/post"}],"author":[{"embeddable":true,"href":"https:\/\/www.pedagogie.ac-nice.fr\/svt\/index.php?rest_route=\/wp\/v2\/users\/74"}],"replies":[{"embeddable":true,"href":"https:\/\/www.pedagogie.ac-nice.fr\/svt\/index.php?rest_route=%2Fwp%2Fv2%2Fcomments&post=3700"}],"version-history":[{"count":11,"href":"https:\/\/www.pedagogie.ac-nice.fr\/svt\/index.php?rest_route=\/wp\/v2\/posts\/3700\/revisions"}],"predecessor-version":[{"id":3741,"href":"https:\/\/www.pedagogie.ac-nice.fr\/svt\/index.php?rest_route=\/wp\/v2\/posts\/3700\/revisions\/3741"}],"wp:attachment":[{"href":"https:\/\/www.pedagogie.ac-nice.fr\/svt\/index.php?rest_route=%2Fwp%2Fv2%2Fmedia&parent=3700"}],"wp:term":[{"taxonomy":"category","embeddable":true,"href":"https:\/\/www.pedagogie.ac-nice.fr\/svt\/index.php?rest_route=%2Fwp%2Fv2%2Fcategories&post=3700"},{"taxonomy":"post_tag","embeddable":true,"href":"https:\/\/www.pedagogie.ac-nice.fr\/svt\/index.php?rest_route=%2Fwp%2Fv2%2Ftags&post=3700"}],"curies":[{"name":"wp","href":"https:\/\/api.w.org\/{rel}","templated":true}]}}