{"id":3711,"date":"2022-11-07T12:12:17","date_gmt":"2022-11-07T11:12:17","guid":{"rendered":"https:\/\/www.pedagogie.ac-nice.fr\/svt\/?p=3711"},"modified":"2022-11-21T12:19:22","modified_gmt":"2022-11-21T11:19:22","slug":"etudier-le-lien-entre-activite-des-dorsales-et-climat-avec-tectoglob3d","status":"publish","type":"post","link":"https:\/\/www.pedagogie.ac-nice.fr\/svt\/?p=3711","title":{"rendered":"Etudier le lien entre activit\u00e9 des dorsales et climat avec Tectoglob3D"},"content":{"rendered":"<p style=\"text-align: right;\"><em>par Philippe Cosentino<\/em><\/p>\n<p>Le Cr\u00e9tac\u00e9 est une p\u00e9riode marqu\u00e9e par un climat tr\u00e8s chaud, ce qui en fait un bon mod\u00e8le d&rsquo;\u00e9tude pour appr\u00e9hender les m\u00e9canismes \u00e0 l&rsquo;origine des changements climatiques.<!--more--><\/p>\n<p>Dans le programme de sp\u00e9cialit\u00e9 de terminale (partie \u00ab\u00a0Les climats de la Terre : comprendre le pass\u00e9 pour agir aujourd\u2019hui et demain \u00ab\u00a0), on peut relever en tant qu&rsquo;objectif cognitif :<\/p>\n<p style=\"padding-left: 40px;\"><em>\u00ab\u00a0Au M\u00e9sozo\u00efque, pendant le Cr\u00e9tac\u00e9, les variations<\/em><br \/>\n<em>climatiques se manifestent par une tendance \u00e0 une<\/em><br \/>\n<em>hausse de temp\u00e9rature. Du fait de l\u2019augmentation<\/em><br \/>\n<em>de l\u2019activit\u00e9 des dorsales, la g\u00e9odynamique terrestre<\/em><br \/>\n<em>interne semble principalement responsable de ces<\/em><br \/>\n<em>variations.\u00a0\u00bb<\/em><\/p>\n<p>Dans cet article nous vous proposons d&rsquo;exploiter certaines fonctionnalit\u00e9s du logiciel Tectoglob3D permettant de mettre en \u00e9vidence cette augmentation de l&rsquo;activit\u00e9 de la dorsale Atlantique au Cr\u00e9tac\u00e9.<\/p>\n<p>Plus pr\u00e9cis\u00e9ment nous allons montrer comment calculer la vitesse d&rsquo;expansion du plancher oc\u00e9anique, en admettant que celle-ci d\u00e9pend en grande partie de l&rsquo;activit\u00e9 de la dorsale.<\/p>\n<p>&nbsp;<\/p>\n<h2>Affichage et lecture de l&rsquo;\u00e2ge du plancher oc\u00e9anique<\/h2>\n<p>Pour calculer la vitesse d&rsquo;expansion du plancher oc\u00e9anique nous aurons besoin de calculer l&rsquo;\u00e2ge du plancher oc\u00e9anique, c&rsquo;est \u00e0 dire l&rsquo;\u00e2ge du basalte situ\u00e9 sous la couche de s\u00e9diments.<\/p>\n<p>Cet \u00e2ge est donn\u00e9 par la carte accessible via le menu \u00ab\u00a0Donn\u00e9es affich\u00e9es \/ Cartes g\u00e9ologiques \/ Age du plancher oc\u00e9anique\u00a0\u00bb.<\/p>\n<p>Cette carte appara\u00eet alors projet\u00e9e sur le globe virtuel. Le code de couleurs donnant la correspondance avec les \u00e2ges est affich\u00e9 en bas de la fen\u00eatre de ce globe.<\/p>\n<div id=\"attachment_3716\" style=\"width: 680px\" class=\"wp-caption alignnone\"><a href=\"https:\/\/www.pedagogie.ac-nice.fr\/svt\/?attachment_id=3716\" rel=\"attachment wp-att-3716\"><img loading=\"lazy\" decoding=\"async\" aria-describedby=\"caption-attachment-3716\" class=\"size-full wp-image-3716\" src=\"https:\/\/www.pedagogie.ac-nice.fr\/svt\/wp-content\/uploads\/sites\/5\/2022\/11\/carte-plancher.png\" alt=\"\" width=\"680\" height=\"747\" srcset=\"https:\/\/www.pedagogie.ac-nice.fr\/svt\/wp-content\/uploads\/sites\/5\/2022\/11\/carte-plancher.png 680w, https:\/\/www.pedagogie.ac-nice.fr\/svt\/wp-content\/uploads\/sites\/5\/2022\/11\/carte-plancher-273x300.png 273w, https:\/\/www.pedagogie.ac-nice.fr\/svt\/wp-content\/uploads\/sites\/5\/2022\/11\/carte-plancher-436x479.png 436w\" sizes=\"auto, (max-width: 680px) 100vw, 680px\" \/><\/a><p id=\"caption-attachment-3716\" class=\"wp-caption-text\">Carte de l&rsquo;\u00e2ge du plancher oc\u00e9anique projet\u00e9 sur le globe virtuel.<\/p><\/div>\n<p>&nbsp;<\/p>\n<p>Distinguer les diff\u00e9rentes nuances de vert n&rsquo;est pas chose ais\u00e9e sur cette carte, mais heureusement&nbsp; il est \u00e9galement possible de lire l&rsquo;\u00e2ge (ou plut\u00f4t l&rsquo;intervalle correspondant \u00e0 la l\u00e9gende) du plancher oc\u00e9anique simplement en survolant la carte avec la souris.<\/p>\n<div id=\"attachment_3717\" style=\"width: 262px\" class=\"wp-caption alignnone\"><a href=\"https:\/\/www.pedagogie.ac-nice.fr\/svt\/?attachment_id=3717\" rel=\"attachment wp-att-3717\"><img loading=\"lazy\" decoding=\"async\" aria-describedby=\"caption-attachment-3717\" class=\"size-full wp-image-3717\" src=\"https:\/\/www.pedagogie.ac-nice.fr\/svt\/wp-content\/uploads\/sites\/5\/2022\/11\/age-curseur.png\" alt=\"\" width=\"262\" height=\"198\"><\/a><p id=\"caption-attachment-3717\" class=\"wp-caption-text\">Lorsqu&rsquo;on survole la carte avec le curseur de la souris, l&rsquo;\u00e2ge appara\u00eet sous la forme d&rsquo;un encadrement.<\/p><\/div>\n<p>&nbsp;<\/p>\n<p>Enfin, une autre m\u00e9thode permet de lire l&rsquo;\u00e2ge des fonds oc\u00e9aniques : si l&rsquo;on double-clique sur la carte, et \u00e0 condition qu&rsquo;aucune action (coupe etc.) n&rsquo;est s\u00e9lectionn\u00e9e, l&rsquo;\u00e2ge du plancher correspondant \u00e0 la position du curseur, ainsi que d&rsquo;autres informations, est affich\u00e9 dans la fen\u00eatre de r\u00e9sultats \u00e0 droite.<\/p>\n<div id=\"attachment_3719\" style=\"width: 549px\" class=\"wp-caption alignnone\"><a href=\"https:\/\/www.pedagogie.ac-nice.fr\/svt\/?attachment_id=3719\" rel=\"attachment wp-att-3719\"><img loading=\"lazy\" decoding=\"async\" aria-describedby=\"caption-attachment-3719\" class=\"size-full wp-image-3719\" src=\"https:\/\/www.pedagogie.ac-nice.fr\/svt\/wp-content\/uploads\/sites\/5\/2022\/11\/info-points.png\" alt=\"\" width=\"549\" height=\"466\" srcset=\"https:\/\/www.pedagogie.ac-nice.fr\/svt\/wp-content\/uploads\/sites\/5\/2022\/11\/info-points.png 549w, https:\/\/www.pedagogie.ac-nice.fr\/svt\/wp-content\/uploads\/sites\/5\/2022\/11\/info-points-300x255.png 300w, https:\/\/www.pedagogie.ac-nice.fr\/svt\/wp-content\/uploads\/sites\/5\/2022\/11\/info-points-436x370.png 436w\" sizes=\"auto, (max-width: 549px) 100vw, 549px\" \/><\/a><p id=\"caption-attachment-3719\" class=\"wp-caption-text\">Informations affich\u00e9es suite \u00e0 un double-clic sur le globe. Notez que le Moho etc. n&rsquo;appara\u00eetront que s&rsquo;ils ont \u00e9t\u00e9 s\u00e9lectionn\u00e9s dans les donn\u00e9es affich\u00e9es.<\/p><\/div>\n<p>&nbsp;<\/p>\n<p>Nous recommandons plut\u00f4t de lire l&rsquo;\u00e2ge au survol, cette m\u00e9thode \u00e9tant la plus simple.<\/p>\n<p>&nbsp;<\/p>\n<h2>Mesure des distances<\/h2>\n<p>Afin de pouvoir calculer la vitesse d&rsquo;expansion (v=d\/T) il est n\u00e9cessaire de pouvoir mesurer la distance entre 2 points du globe.<\/p>\n<p>Pour mesurer une distance il suffit d&rsquo;aller dans le menu \u00ab\u00a0Actions\/Mesurer une distance\u00a0\u00bb.<\/p>\n<p>En cliquant sur 2 points du globe, un arc est trac\u00e9, et sa longueur affich\u00e9e dans la fen\u00eatre de r\u00e9sultats \u00e0 droite. On prendra \u00e9videmment la longueur de l&rsquo;arc (distance \u00ab\u00a0\u00e0 vol d&rsquo;oiseau\u00a0\u00bb) et non de la corde, la Terre \u00e9tant subsph\u00e9rique.<\/p>\n<div id=\"attachment_3721\" style=\"width: 983px\" class=\"wp-caption alignnone\"><a href=\"https:\/\/www.pedagogie.ac-nice.fr\/svt\/?attachment_id=3721\" rel=\"attachment wp-att-3721\"><img loading=\"lazy\" decoding=\"async\" aria-describedby=\"caption-attachment-3721\" class=\"size-full wp-image-3721\" src=\"https:\/\/www.pedagogie.ac-nice.fr\/svt\/wp-content\/uploads\/sites\/5\/2022\/11\/distance.png\" alt=\"\" width=\"983\" height=\"526\" srcset=\"https:\/\/www.pedagogie.ac-nice.fr\/svt\/wp-content\/uploads\/sites\/5\/2022\/11\/distance.png 983w, https:\/\/www.pedagogie.ac-nice.fr\/svt\/wp-content\/uploads\/sites\/5\/2022\/11\/distance-300x161.png 300w, https:\/\/www.pedagogie.ac-nice.fr\/svt\/wp-content\/uploads\/sites\/5\/2022\/11\/distance-768x411.png 768w, https:\/\/www.pedagogie.ac-nice.fr\/svt\/wp-content\/uploads\/sites\/5\/2022\/11\/distance-436x233.png 436w\" sizes=\"auto, (max-width: 983px) 100vw, 983px\" \/><\/a><p id=\"caption-attachment-3721\" class=\"wp-caption-text\">Les diff\u00e9rentes distances entre les points A et B sont affich\u00e9es dans la fen\u00eatre de r\u00e9sultats.<\/p><\/div>\n<p>&nbsp;<\/p>\n<h2>Calculer la vitesse<\/h2>\n<p>Plusieurs approches sont possibles, l&rsquo;essentiel est de v\u00e9rifier que la d\u00e9marche de l&rsquo;\u00e9l\u00e8ve est coh\u00e9rente.<\/p>\n<p>On sera particuli\u00e8rement vigilant au fait qu&rsquo;il mesure les distances sur le m\u00eame \u00ab\u00a0arc\u00a0\u00bb perpendiculaire \u00e0 la dorsale (ces arcs sont faciles \u00e0 identifier car ils correspondent aux failles transformantes), \u00e9tant donn\u00e9 que la vitesse d&rsquo;expansion varie en fonction de la distance au p\u00f4le eul\u00e9rien. Si l&rsquo;\u00e9l\u00e8ve mesure, pour un m\u00eame intervalle d&rsquo;\u00e2ge, une distance pr\u00e8s du tropique du Capricorne (loin du p\u00f4le eul\u00e9rien) et une autre pr\u00e8s de l&rsquo;Islande (pr\u00e8s du p\u00f4le eul\u00e9rien), cette derni\u00e8re distance sera tr\u00e8s sous-estim\u00e9e.<\/p>\n<p>R\u00e9alisons donc une telle mesure, en d\u00e9taillant chaque \u00e9tape.<\/p>\n<p>Tout d&rsquo;abord choisissons un arc bien visible pour r\u00e9aliser les 2 mesures, ici repass\u00e9 en bleu sur cette capture d&rsquo;\u00e9cran. Nous nous limiterons \u00e0 la dorsale Atlantique.<\/p>\n<p><a href=\"https:\/\/www.pedagogie.ac-nice.fr\/svt\/?attachment_id=3724\" rel=\"attachment wp-att-3724\"><img loading=\"lazy\" decoding=\"async\" class=\"alignnone size-full wp-image-3724\" src=\"https:\/\/www.pedagogie.ac-nice.fr\/svt\/wp-content\/uploads\/sites\/5\/2022\/11\/arc.png\" alt=\"\" width=\"450\" height=\"526\" srcset=\"https:\/\/www.pedagogie.ac-nice.fr\/svt\/wp-content\/uploads\/sites\/5\/2022\/11\/arc.png 450w, https:\/\/www.pedagogie.ac-nice.fr\/svt\/wp-content\/uploads\/sites\/5\/2022\/11\/arc-257x300.png 257w, https:\/\/www.pedagogie.ac-nice.fr\/svt\/wp-content\/uploads\/sites\/5\/2022\/11\/arc-436x510.png 436w\" sizes=\"auto, (max-width: 450px) 100vw, 450px\" \/><\/a><\/p>\n<p>&nbsp;<\/p>\n<p>A pr\u00e9sent, mesurons la distance sur cet arc entre la limite correspondant \u00e0 80Ma et la limite 140 Ma (d&rsquo;autres intervalles sont acceptables bien entendu, tant qu&rsquo;ils sont dans le Cr\u00e9tac\u00e9).<\/p>\n<p><a href=\"https:\/\/www.pedagogie.ac-nice.fr\/svt\/?attachment_id=3725\" rel=\"attachment wp-att-3725\"><img loading=\"lazy\" decoding=\"async\" class=\"alignnone size-full wp-image-3725\" src=\"https:\/\/www.pedagogie.ac-nice.fr\/svt\/wp-content\/uploads\/sites\/5\/2022\/11\/distance2.png\" alt=\"\" width=\"827\" height=\"525\" srcset=\"https:\/\/www.pedagogie.ac-nice.fr\/svt\/wp-content\/uploads\/sites\/5\/2022\/11\/distance2.png 827w, https:\/\/www.pedagogie.ac-nice.fr\/svt\/wp-content\/uploads\/sites\/5\/2022\/11\/distance2-300x190.png 300w, https:\/\/www.pedagogie.ac-nice.fr\/svt\/wp-content\/uploads\/sites\/5\/2022\/11\/distance2-768x488.png 768w, https:\/\/www.pedagogie.ac-nice.fr\/svt\/wp-content\/uploads\/sites\/5\/2022\/11\/distance2-436x277.png 436w\" sizes=\"auto, (max-width: 827px) 100vw, 827px\" \/><\/a><\/p>\n<p>&nbsp;<\/p>\n<p>Connaissant la vitesse et la distance, nous pouvons enfin calculer la vitesse.<\/p>\n<p>T = 140 &#8211; 80 = 60 Ma<\/p>\n<p>d = 982 km<\/p>\n<p>v = 982 \/ 60 \u2248 16 km \/ Ma<\/p>\n<p>Cette distance correspond \u00e0 l&rsquo;expansion d&rsquo;un seul c\u00f4t\u00e9 du plancher oc\u00e9anique. Si l&rsquo;on souhaite avoir la vitesse d&rsquo;expansion totale, il faut multiplier cette vitesse par 2.<\/p>\n<p>v<sub>t<\/sub> \u2248 v x 2 \u2248 32 km \/ Ma<\/p>\n<p>&nbsp;<\/p>\n<p>R\u00e9alisons \u00e0 pr\u00e9sent une mesure de distance sur le m\u00eame arc, mais durant le c\u00e9nozo\u00efque, sur les 60 derniers millions d&rsquo;ann\u00e9es.<\/p>\n<p><a href=\"https:\/\/www.pedagogie.ac-nice.fr\/svt\/?attachment_id=3726\" rel=\"attachment wp-att-3726\"><img loading=\"lazy\" decoding=\"async\" class=\"alignnone size-full wp-image-3726\" src=\"https:\/\/www.pedagogie.ac-nice.fr\/svt\/wp-content\/uploads\/sites\/5\/2022\/11\/distance-3.png\" alt=\"\" width=\"834\" height=\"526\" srcset=\"https:\/\/www.pedagogie.ac-nice.fr\/svt\/wp-content\/uploads\/sites\/5\/2022\/11\/distance-3.png 834w, https:\/\/www.pedagogie.ac-nice.fr\/svt\/wp-content\/uploads\/sites\/5\/2022\/11\/distance-3-300x189.png 300w, https:\/\/www.pedagogie.ac-nice.fr\/svt\/wp-content\/uploads\/sites\/5\/2022\/11\/distance-3-768x484.png 768w, https:\/\/www.pedagogie.ac-nice.fr\/svt\/wp-content\/uploads\/sites\/5\/2022\/11\/distance-3-436x275.png 436w\" sizes=\"auto, (max-width: 834px) 100vw, 834px\" \/><\/a><\/p>\n<p>d = 790 km<\/p>\n<p>T = 60 Ma<\/p>\n<p>v = d \/ T \u2248 13 km \/ Ma<\/p>\n<p>v<sub>t<\/sub> \u2248 v x 2 \u2248 26 km \/ Ma<\/p>\n<p>Comme on peut le constater, la vitesse d&rsquo;expansion du plancher oc\u00e9anique est effectivement plus \u00e9lev\u00e9e durant le Cr\u00e9tac\u00e9 que durant le C\u00e9nozo\u00efque. On obtiendrait le m\u00eame r\u00e9sultat en comparant avec le Jurassique.<\/p>\n<p>&nbsp;<\/p>\n<h2>Une autre approche, plus graphique<\/h2>\n<p>Tectoglob3D dispose d&rsquo;une fonctionnalit\u00e9 qui permet de visualiser directement sur un graphique l&rsquo;expansion oc\u00e9anique.<\/p>\n<p>Pour cela il suffit, une fois la carte des \u00e2ges du plancher oc\u00e9anique activ\u00e9e, d&rsquo;aller dans le menu \u00ab\u00a0Actions \/ Profil de l&rsquo;\u00e2ge du plancher oc\u00e9anique\u00a0\u00bb.<\/p>\n<p>L&rsquo;utilisateur est alors invit\u00e9 \u00e0 tracer, en deux clics un profil sur le globe (comme pour faire une coupe ou mesurer une distance). Une fois ce profil d\u00e9fini, un graphique appara\u00eet \u00e0 droite de l&rsquo;\u00e9cran avec en abscisse la distance et en ordonn\u00e9e l&rsquo;\u00e2ge du plancher.<\/p>\n<div id=\"attachment_3729\" style=\"width: 801px\" class=\"wp-caption alignnone\"><a href=\"https:\/\/www.pedagogie.ac-nice.fr\/svt\/?attachment_id=3729\" rel=\"attachment wp-att-3729\"><img loading=\"lazy\" decoding=\"async\" aria-describedby=\"caption-attachment-3729\" class=\"wp-image-3729\" src=\"https:\/\/www.pedagogie.ac-nice.fr\/svt\/wp-content\/uploads\/sites\/5\/2022\/11\/profil-1024x586.png\" alt=\"\" width=\"801\" height=\"458\" srcset=\"https:\/\/www.pedagogie.ac-nice.fr\/svt\/wp-content\/uploads\/sites\/5\/2022\/11\/profil-1024x586.png 1024w, https:\/\/www.pedagogie.ac-nice.fr\/svt\/wp-content\/uploads\/sites\/5\/2022\/11\/profil-300x172.png 300w, https:\/\/www.pedagogie.ac-nice.fr\/svt\/wp-content\/uploads\/sites\/5\/2022\/11\/profil-768x439.png 768w, https:\/\/www.pedagogie.ac-nice.fr\/svt\/wp-content\/uploads\/sites\/5\/2022\/11\/profil-436x249.png 436w, https:\/\/www.pedagogie.ac-nice.fr\/svt\/wp-content\/uploads\/sites\/5\/2022\/11\/profil.png 1119w\" sizes=\"auto, (max-width: 801px) 100vw, 801px\" \/><\/a><p id=\"caption-attachment-3729\" class=\"wp-caption-text\">Exemple de graphique obtenu pour un profil r\u00e9alis\u00e9 sur le m\u00eame arc que pr\u00e9c\u00e9demment.<\/p><\/div>\n<p>&nbsp;<\/p>\n<p>On constate alors que la pente de ce graphique est plus faible au Cr\u00e9tac\u00e9 (vert) que durant le Jurassique (bleu) ou le C\u00e9nozo\u00efque (orange\/rouge).<\/p>\n<p>Or sur ce graphique, plus la pente est faible, plus la vitesse est \u00e9lev\u00e9e (puisque une pente faible signifie ici qu&rsquo;en peu de temps (y) une grande distance (x) a \u00e9t\u00e9 parcourue).<\/p>\n<p>Ainsi on peut d\u00e9duire de la lecture directe de ce graphique que la vitesse d&rsquo;expansion du plancher \u00e9tait plus \u00e9lev\u00e9e durant le Cr\u00e9tac\u00e9.<\/p>\n<p>A vous de voir l&rsquo;approche que vous pr\u00e9f\u00e9rez, mais la premi\u00e8re approche (v=d\/T) a le m\u00e9rite de s&rsquo;appuyer sur des valeurs.<\/p>\n<p>&nbsp;<\/p>\n<h2>Visualiser la Terre au Cr\u00e9tac\u00e9 avec Tectoglob3D<\/h2>\n<p>M\u00eame si cette activit\u00e9 compl\u00e9mentaire n&rsquo;a pas de lien direct avec le calcul de la vitesse d&rsquo;expansion du plancher, elle contribuera \u00e0 mieux appr\u00e9hender la configuration tectonique du globe durant le Cr\u00e9tac\u00e9.<\/p>\n<p>En allant dans le menu \u00ab\u00a0Actions \/ Extras \/ Disposition pass\u00e9e des continents\u00a0\u00bb, l&rsquo;\u00e9l\u00e8ve pourra \u00ab\u00a0remonter le temps\u00a0\u00bb et voir \u00e0 quoi ressemblait le globe durant le Cr\u00e9tac\u00e9.<\/p>\n<p>Deux mod\u00e8les sont \u00e0 sa disposition (voir en bas \u00e0 droite de l&rsquo;\u00e9cran), le mod\u00e8le de Muller et al, qui permet d&rsquo;afficher en compl\u00e9ment l&rsquo;\u00e2ge du plancher oc\u00e9anique &#8230; dans le pass\u00e9, et le mod\u00e8le de Scotese, moins pr\u00e9cis, mais visuellement plus parlant pour les \u00e9l\u00e8ves.<\/p>\n<p>En utilisant le mod\u00e8le de Scotese et en remontant (gr\u00e2ce au curseur en bas \u00e0 droite) le temps, l&rsquo;\u00e9l\u00e8ve pourra ainsi de lui m\u00eame constater qu&rsquo;une grande partie des continents, tr\u00e8s morcel\u00e9s (beaucoup de c\u00f4tes), \u00e9taient recouverts &#8230; par la mer (mer continentale). On constate \u00e9galement l&rsquo;absence de toute calotte polaire.<\/p>\n<div id=\"attachment_3730\" style=\"width: 800px\" class=\"wp-caption alignnone\"><a href=\"https:\/\/www.pedagogie.ac-nice.fr\/svt\/?attachment_id=3730\" rel=\"attachment wp-att-3730\"><img loading=\"lazy\" decoding=\"async\" aria-describedby=\"caption-attachment-3730\" class=\"wp-image-3730\" src=\"https:\/\/www.pedagogie.ac-nice.fr\/svt\/wp-content\/uploads\/sites\/5\/2022\/11\/terre-Cretace.png\" alt=\"\" width=\"800\" height=\"512\" srcset=\"https:\/\/www.pedagogie.ac-nice.fr\/svt\/wp-content\/uploads\/sites\/5\/2022\/11\/terre-Cretace.png 1070w, https:\/\/www.pedagogie.ac-nice.fr\/svt\/wp-content\/uploads\/sites\/5\/2022\/11\/terre-Cretace-300x192.png 300w, https:\/\/www.pedagogie.ac-nice.fr\/svt\/wp-content\/uploads\/sites\/5\/2022\/11\/terre-Cretace-1024x656.png 1024w, https:\/\/www.pedagogie.ac-nice.fr\/svt\/wp-content\/uploads\/sites\/5\/2022\/11\/terre-Cretace-768x492.png 768w, https:\/\/www.pedagogie.ac-nice.fr\/svt\/wp-content\/uploads\/sites\/5\/2022\/11\/terre-Cretace-436x279.png 436w\" sizes=\"auto, (max-width: 800px) 100vw, 800px\" \/><\/a><p id=\"caption-attachment-3730\" class=\"wp-caption-text\">La Terre il y a 83 Ma selon Scotese.<\/p><\/div>\n<p>&nbsp;<\/p>\n<p>D&rsquo;une part cela confirme que le niveau de la mer \u00e9tait plus \u00e9lev\u00e9 au Cr\u00e9tac\u00e9, \u00e9l\u00e9vation que l&rsquo;\u00e9l\u00e8ve peut \u00eatre amen\u00e9 \u00e0 mettre en relation avec l&rsquo;activit\u00e9 des dorsales et avec le r\u00e9chauffement.<\/p>\n<p>D&rsquo;autre part, la mer ayant un alb\u00e9do plus faible que les diff\u00e9rents sols, on est l\u00e0 en pr\u00e9sence d&rsquo;un r\u00e9trocontr\u00f4le positif (plus il fait chaud, plus le niveau de la mer monte, plus l&rsquo;alb\u00e9do moyen diminue et plus la Terre absorbe d&rsquo;\u00e9nergie solaire, etc.) qu&rsquo;il serait tr\u00e8s int\u00e9ressant de souligner.<\/p>\n<p>&nbsp;<\/p>\n<h2>Conclusion<\/h2>\n<p>L&rsquo;exploitation de Tectoglob3D dans le cadre de l&rsquo;\u00e9tude du climat au Cr\u00e9tac\u00e9 est donc parfaitement opportune.<\/p>\n<p>D&rsquo;une part, elle am\u00e8ne l&rsquo;\u00e9l\u00e8ve \u00e0 extraire les donn\u00e9es utiles d&rsquo;une carte g\u00e9ologique et \u00e0 les traiter math\u00e9matiquement afin de mettre en \u00e9vidence l&rsquo;activit\u00e9 accrue de la dorsale Atlantique au Cr\u00e9tac\u00e9. La complexit\u00e9 de cette t\u00e2che est en soi une bonne d\u00e9marche en vue de la pr\u00e9paration aux&nbsp; ECE (Evaluations des Capacit\u00e9s Exp\u00e9rimentales).<\/p>\n<p>D&rsquo;autre part, elle permet \u00e0 l&rsquo;\u00e9l\u00e8ve de visualiser la Terre au Cr\u00e9tac\u00e9, et de r\u00e9aliser \u00e0 quel point la configuration tectonique globale de la Terre \u00e9tait diff\u00e9rente et propice \u00e0 un climat chaud.<\/p>\n<p>Enfin, c&rsquo;est l&rsquo;une des rares occasions de r\u00e9investir le savoir faire acquis en classe de premi\u00e8re sur ce logiciel, qui peut \u00e9galement \u00eatre utilis\u00e9 dans le cadre de la partie \u00ab\u00a0\u00c0 la recherche du pass\u00e9 g\u00e9ologique de notre plan\u00e8te\u00a0\u00bb.<\/p>\n<p>&nbsp;<\/p>\n<h2>Lien vers Tectoglob3D<\/h2>\n<p><a href=\"https:\/\/www.pedagogie.ac-nice.fr\/svt\/productions\/tectoglob3d\/\" target=\"_blank\" rel=\"noopener\">https:\/\/www.pedagogie.ac-nice.fr\/svt\/productions\/tectoglob3d\/<\/a><\/p>\n","protected":false},"excerpt":{"rendered":"<p>par Philippe Cosentino Le Cr\u00e9tac\u00e9 est une p\u00e9riode marqu\u00e9e par un climat tr\u00e8s chaud, ce qui en fait un bon mod\u00e8le d&rsquo;\u00e9tude pour appr\u00e9hender les m\u00e9canismes \u00e0 l&rsquo;origine des changements climatiques.<\/p><p><a class=\"more-link btn\" href=\"https:\/\/www.pedagogie.ac-nice.fr\/svt\/?p=3711\">Lire la suite<\/a><\/p>\n","protected":false},"author":74,"featured_media":3716,"comment_status":"closed","ping_status":"closed","sticky":false,"template":"","format":"standard","meta":{"ngg_post_thumbnail":0,"footnotes":""},"categories":[133,18,8,358],"tags":[],"class_list":["post-3711","post","type-post","status-publish","format-standard","has-post-thumbnail","hentry","category-activites-sappuyant-sur-le-numerique","category-devant-ecran","category-logiciels","category-terminale","nodate","item-wrap"],"rttpg_featured_image_url":{"full":["https:\/\/www.pedagogie.ac-nice.fr\/svt\/wp-content\/uploads\/sites\/5\/2022\/11\/carte-plancher.png",680,747,false],"landscape":["https:\/\/www.pedagogie.ac-nice.fr\/svt\/wp-content\/uploads\/sites\/5\/2022\/11\/carte-plancher.png",680,747,false],"portraits":["https:\/\/www.pedagogie.ac-nice.fr\/svt\/wp-content\/uploads\/sites\/5\/2022\/11\/carte-plancher.png",680,747,false],"thumbnail":["https:\/\/www.pedagogie.ac-nice.fr\/svt\/wp-content\/uploads\/sites\/5\/2022\/11\/carte-plancher-150x150.png",150,150,true],"medium":["https:\/\/www.pedagogie.ac-nice.fr\/svt\/wp-content\/uploads\/sites\/5\/2022\/11\/carte-plancher-273x300.png",273,300,true],"large":["https:\/\/www.pedagogie.ac-nice.fr\/svt\/wp-content\/uploads\/sites\/5\/2022\/11\/carte-plancher.png",436,479,false],"1536x1536":["https:\/\/www.pedagogie.ac-nice.fr\/svt\/wp-content\/uploads\/sites\/5\/2022\/11\/carte-plancher.png",680,747,false],"2048x2048":["https:\/\/www.pedagogie.ac-nice.fr\/svt\/wp-content\/uploads\/sites\/5\/2022\/11\/carte-plancher.png",680,747,false],"graphene_slider":["https:\/\/www.pedagogie.ac-nice.fr\/svt\/wp-content\/uploads\/sites\/5\/2022\/11\/carte-plancher-182x400.png",182,400,true],"graphene_featured_image":["https:\/\/www.pedagogie.ac-nice.fr\/svt\/wp-content\/uploads\/sites\/5\/2022\/11\/carte-plancher-436x479.png",436,479,true],"post-thumbnail":["https:\/\/www.pedagogie.ac-nice.fr\/svt\/wp-content\/uploads\/sites\/5\/2022\/11\/carte-plancher-680x200.png",680,200,true],"advps-thumb-one":["https:\/\/www.pedagogie.ac-nice.fr\/svt\/wp-content\/uploads\/sites\/5\/2022\/11\/carte-plancher-600x220.png",600,220,true]},"rttpg_author":{"display_name":"Philippe COSENTINO","author_link":"https:\/\/www.pedagogie.ac-nice.fr\/svt\/?author=74"},"rttpg_comment":0,"rttpg_category":"<a href=\"https:\/\/www.pedagogie.ac-nice.fr\/svt\/?cat=133\" rel=\"category\">Activit\u00e9s s'appuyant sur le num\u00e9rique<\/a> <a href=\"https:\/\/www.pedagogie.ac-nice.fr\/svt\/?cat=18\" rel=\"category\">Devant l'\u00e9cran<\/a> <a href=\"https:\/\/www.pedagogie.ac-nice.fr\/svt\/?cat=8\" rel=\"category\">Logiciels<\/a> <a href=\"https:\/\/www.pedagogie.ac-nice.fr\/svt\/?cat=358\" rel=\"category\">Terminale<\/a>","rttpg_excerpt":"par Philippe Cosentino Le Cr\u00e9tac\u00e9 est une p\u00e9riode marqu\u00e9e par un climat tr\u00e8s chaud, ce qui en fait un bon mod\u00e8le d&rsquo;\u00e9tude pour appr\u00e9hender les m\u00e9canismes \u00e0 l&rsquo;origine des changements climatiques.","post_mailing_queue_ids":[],"_links":{"self":[{"href":"https:\/\/www.pedagogie.ac-nice.fr\/svt\/index.php?rest_route=\/wp\/v2\/posts\/3711","targetHints":{"allow":["GET"]}}],"collection":[{"href":"https:\/\/www.pedagogie.ac-nice.fr\/svt\/index.php?rest_route=\/wp\/v2\/posts"}],"about":[{"href":"https:\/\/www.pedagogie.ac-nice.fr\/svt\/index.php?rest_route=\/wp\/v2\/types\/post"}],"author":[{"embeddable":true,"href":"https:\/\/www.pedagogie.ac-nice.fr\/svt\/index.php?rest_route=\/wp\/v2\/users\/74"}],"replies":[{"embeddable":true,"href":"https:\/\/www.pedagogie.ac-nice.fr\/svt\/index.php?rest_route=%2Fwp%2Fv2%2Fcomments&post=3711"}],"version-history":[{"count":15,"href":"https:\/\/www.pedagogie.ac-nice.fr\/svt\/index.php?rest_route=\/wp\/v2\/posts\/3711\/revisions"}],"predecessor-version":[{"id":3750,"href":"https:\/\/www.pedagogie.ac-nice.fr\/svt\/index.php?rest_route=\/wp\/v2\/posts\/3711\/revisions\/3750"}],"wp:featuredmedia":[{"embeddable":true,"href":"https:\/\/www.pedagogie.ac-nice.fr\/svt\/index.php?rest_route=\/wp\/v2\/media\/3716"}],"wp:attachment":[{"href":"https:\/\/www.pedagogie.ac-nice.fr\/svt\/index.php?rest_route=%2Fwp%2Fv2%2Fmedia&parent=3711"}],"wp:term":[{"taxonomy":"category","embeddable":true,"href":"https:\/\/www.pedagogie.ac-nice.fr\/svt\/index.php?rest_route=%2Fwp%2Fv2%2Fcategories&post=3711"},{"taxonomy":"post_tag","embeddable":true,"href":"https:\/\/www.pedagogie.ac-nice.fr\/svt\/index.php?rest_route=%2Fwp%2Fv2%2Ftags&post=3711"}],"curies":[{"name":"wp","href":"https:\/\/api.w.org\/{rel}","templated":true}]}}