{"id":4001,"date":"2023-06-12T07:23:34","date_gmt":"2023-06-12T05:23:34","guid":{"rendered":"https:\/\/www.pedagogie.ac-nice.fr\/svt\/?p=4001"},"modified":"2023-06-12T07:24:03","modified_gmt":"2023-06-12T05:24:03","slug":"ceremonie-de-remise-des-prix-academiques-des-olympiades-nationales-de-biologie-2022-2023","status":"publish","type":"post","link":"https:\/\/www.pedagogie.ac-nice.fr\/svt\/?p=4001","title":{"rendered":"C\u00e9r\u00e9monie de remise des prix acad\u00e9miques des Olympiades Nationales de Biologie 2022-2023"},"content":{"rendered":"<p style=\"text-align: right;\"><em>Le 4 juin 2023, \u00e0 l\u2019Universit\u00e9 Nice C\u00f4te d\u2019Azur de Valrose-Nice<\/em><\/p>\n<p>Les Olympiades Nationales de Biologie (ONB) sont une comp\u00e9tition \u00e0 l\u2019\u00e9chelle nationale qui consistent en la conception puis la mise en \u0153uvre d\u2019une d\u00e9marche exp\u00e9rimentale sur un th\u00e8me biologique annuel&nbsp;: \u00ab L\u2019eau et le Vivant&nbsp;\u00bb, pour cette ann\u00e9e 2022-2023. Le format du concours est la production d\u2019une vid\u00e9o de 5 minutes et d\u2019un abstract de 15 lignes sur un sujet choisi par chaque groupe d\u2019\u00e9l\u00e8ves. Les objectifs des ONB sont de mobiliser les \u00e9quipes d\u2019\u00e9l\u00e8ves volontaires souhaitant s\u2019investir dans un projet en biologie, de faire d\u00e9couvrir les m\u00e9tiers autour de la biologie et les fili\u00e8res d\u2019enseignement sup\u00e9rieur pour y acc\u00e9der.<!--more--><\/p>\n<p><a href=\"https:\/\/www.pedagogie.ac-nice.fr\/svt\/?attachment_id=4002\" rel=\"attachment wp-att-4002\"><img loading=\"lazy\" decoding=\"async\" class=\"size-large wp-image-4002 aligncenter\" src=\"https:\/\/www.pedagogie.ac-nice.fr\/svt\/wp-content\/uploads\/sites\/5\/2023\/06\/ONB2023a-1024x765.jpg\" alt=\"\" width=\"436\" height=\"326\" srcset=\"https:\/\/www.pedagogie.ac-nice.fr\/svt\/wp-content\/uploads\/sites\/5\/2023\/06\/ONB2023a-1024x765.jpg 1024w, https:\/\/www.pedagogie.ac-nice.fr\/svt\/wp-content\/uploads\/sites\/5\/2023\/06\/ONB2023a-300x224.jpg 300w, https:\/\/www.pedagogie.ac-nice.fr\/svt\/wp-content\/uploads\/sites\/5\/2023\/06\/ONB2023a-768x573.jpg 768w, https:\/\/www.pedagogie.ac-nice.fr\/svt\/wp-content\/uploads\/sites\/5\/2023\/06\/ONB2023a-436x326.jpg 436w, https:\/\/www.pedagogie.ac-nice.fr\/svt\/wp-content\/uploads\/sites\/5\/2023\/06\/ONB2023a.jpg 1200w\" sizes=\"auto, (max-width: 436px) 100vw, 436px\" \/><\/a><\/p>\n<p>Cette ann\u00e9e, 95 \u00e9l\u00e8ves (25 \u00e9quipes) ont \u00e9t\u00e9 mobilis\u00e9s dans 6 \u00e9tablissements : (le Lyc\u00e9e International de Valbonne, le Lyc\u00e9e Stanislas de Cannes, le Lyc\u00e9e Pierre et Marie Curie de Menton, le Lyc\u00e9e Jules Ferry de Cannes, l\u2019Institution Sainte Marie de La Seyne \/mer <em>, <\/em>le Lyc\u00e9e Mass\u00e9na de Nice. Les \u00e9quipes \u00e9taient parfois interclasses, interniveaux 1<sup>\u00e8re<\/sup>\/Tale, et souvent mixtes fille\/gar\u00e7on. Les sujets choisis ont \u00e9t\u00e9 vari\u00e9s&nbsp;: agriculture, acidification des oc\u00e9ans, spiruline, mousses, alb\u00e9do, \u00e9piderme. Le concours s\u2019est d\u00e9roul\u00e9 en une premi\u00e8re s\u00e9lection par \u00e9tablissement puis une s\u00e9lection acad\u00e9mique et enfin une s\u00e9lection nationale.<\/p>\n<p>La c\u00e9r\u00e9monie acad\u00e9mique de remise des prix s\u2019est d\u00e9roul\u00e9e en quatre temps, le vendredi 2 juin 2023 \u00e0 l\u2019Universit\u00e9 de Valrose (Universit\u00e9 C\u00f4te-d\u2019Azur), un partenaire des ONB dans l\u2019Acad\u00e9mie de Nice :<\/p>\n<ul>\n<li>pr\u00e9sentation scientifique sous la forme d\u2019une mini-conf\u00e9rence&nbsp;: <em>Les biofilms, des forteresses insoup\u00e7onn\u00e9es<\/em> par Dimitri Garcia (Universit\u00e9 C\u00f4te d\u2019Azur).<\/li>\n<li>deux t\u00e9moignages de doctorants&nbsp;: <em>De lyc\u00e9en \u00e0 doctorant : quels parcours ?&nbsp;<\/em>par Clara Sanchez et Maxime Villet (Ecole Doctorale des Sciences de la Vie et de la Sant\u00e9).<\/li>\n<li>pr\u00e9sentation de la <em>Graduate School Life &amp; Health Sciences par <\/em>Laurent Counillon et Line-Aurore March (EUR-Life).<\/li>\n<li>visionnage des vid\u00e9os laur\u00e9ates, questions et remise des prix.<\/li>\n<\/ul>\n<p>Le palmar\u00e8s 2023 est le suivant&nbsp;:<\/p>\n<ul>\n<li><strong>1\u00e8re place <\/strong>: Lyc\u00e9e International de Valbonne: <em>Le r\u00f4le des spirulines dans l&rsquo;apparition de la vie en milieu aquatique<\/em>&#8211; Emma LOUREIRO, Eulalie VETILLARD et Jo\u00e9 BLONDEAU. Professeure&nbsp;: Mme G\u00e9raldine DARGENT.<\/li>\n<li><strong>2\u00e8me place : <\/strong>Lyc\u00e9e Stanislas -Cannes-&nbsp;: <em>Utilisation de l&rsquo;eau de mer, ressource illimit\u00e9e \u00e0 des fins agricoles-<\/em> C\u00e9leste GUNTHER, Kylian HELIN et Perle MANGOT-DURANTE. Professeure&nbsp;: Mme Magali<\/li>\n<li><strong>3\u00e8me place :<\/strong> Lyc\u00e9e Pierre et Marie Curie-Menton&nbsp;: <em>Les mousses r\u00e9sisteront-elles aux effets du changement climatique ?<\/em> &#8211;&nbsp; Luce MATHIEU, Romane DUBOIS, L\u00e9onie PELLEGRIN. Professeure&nbsp;: Mme <strong>Isabelle GALLETTI.<\/strong><\/li>\n<\/ul>\n<p><a href=\"https:\/\/www.pedagogie.ac-nice.fr\/svt\/?attachment_id=4003\" rel=\"attachment wp-att-4003\"><img loading=\"lazy\" decoding=\"async\" class=\"size-large wp-image-4003 aligncenter\" src=\"https:\/\/www.pedagogie.ac-nice.fr\/svt\/wp-content\/uploads\/sites\/5\/2023\/06\/ONB2023b-1024x769.jpg\" alt=\"\" width=\"436\" height=\"327\" srcset=\"https:\/\/www.pedagogie.ac-nice.fr\/svt\/wp-content\/uploads\/sites\/5\/2023\/06\/ONB2023b-1024x769.jpg 1024w, https:\/\/www.pedagogie.ac-nice.fr\/svt\/wp-content\/uploads\/sites\/5\/2023\/06\/ONB2023b-300x225.jpg 300w, https:\/\/www.pedagogie.ac-nice.fr\/svt\/wp-content\/uploads\/sites\/5\/2023\/06\/ONB2023b-768x577.jpg 768w, https:\/\/www.pedagogie.ac-nice.fr\/svt\/wp-content\/uploads\/sites\/5\/2023\/06\/ONB2023b-436x327.jpg 436w, https:\/\/www.pedagogie.ac-nice.fr\/svt\/wp-content\/uploads\/sites\/5\/2023\/06\/ONB2023b.jpg 1200w\" sizes=\"auto, (max-width: 436px) 100vw, 436px\" \/><\/a><\/p>\n<p>Les \u00e9l\u00e8ves ont \u00e9t\u00e9 r\u00e9compens\u00e9s par diff\u00e9rents lots offerts par les partenaires. Le premier prix est une sortie en mer avec l\u2019observation de plancton, le 2 septembre 2023. Cette sortie est offerte par l\u2019association Rose of J\u00e9richo repr\u00e9sent\u00e9e par Mme Anne Doye, chercheuse \u00e0 l\u2019INSERM et \u00e9galement membre du Jury. Le second prix a \u00e9t\u00e9 remis par M. Dimitri Garcia (Universit\u00e9 C\u00f4te d\u2019Azur). Mme Nadine Marchand\u00e9, (DRARI adjointe-MEN\/MESRI-DGRI), membre du jury, a remis le troisi\u00e8me prix.<\/p>\n<p>F\u00e9licitations \u00e0 tous les \u00e9l\u00e8ves et tous les professeurs encadrants. Rendez-vous pour les ONB 2024 dont le th\u00e8me est&nbsp;: <strong><em>La Biodiversit\u00e9 dans les \u00e9cosyst\u00e8mes, du micro au macro, des abysses aux sommets<\/em>.<\/strong><\/p>\n","protected":false},"excerpt":{"rendered":"<p>Le 4 juin 2023, \u00e0 l\u2019Universit\u00e9 Nice C\u00f4te d\u2019Azur de Valrose-Nice Les Olympiades Nationales de Biologie (ONB) sont une comp\u00e9tition \u00e0 l\u2019\u00e9chelle nationale qui consistent en la conception puis la mise en \u0153uvre d\u2019une d\u00e9marche exp\u00e9rimentale sur un th\u00e8me biologique annuel&nbsp;: \u00ab L\u2019eau et le Vivant&nbsp;\u00bb, pour cette ann\u00e9e 2022-2023. Le format du concours est &hellip; <\/p>\n<p><a class=\"more-link btn\" href=\"https:\/\/www.pedagogie.ac-nice.fr\/svt\/?p=4001\">Lire la suite<\/a><\/p>\n","protected":false},"author":74,"featured_media":4003,"comment_status":"closed","ping_status":"closed","sticky":false,"template":"","format":"standard","meta":{"ngg_post_thumbnail":0,"footnotes":""},"categories":[397,5],"tags":[420,493,30,428],"class_list":["post-4001","post","type-post","status-publish","format-standard","has-post-thumbnail","hentry","category-concours-defis","category-actualite","tag-biologie","tag-ceremonie","tag-olympiades","tag-onb","nodate","item-wrap"],"rttpg_featured_image_url":{"full":["https:\/\/www.pedagogie.ac-nice.fr\/svt\/wp-content\/uploads\/sites\/5\/2023\/06\/ONB2023b.jpg",1200,901,false],"landscape":["https:\/\/www.pedagogie.ac-nice.fr\/svt\/wp-content\/uploads\/sites\/5\/2023\/06\/ONB2023b.jpg",1200,901,false],"portraits":["https:\/\/www.pedagogie.ac-nice.fr\/svt\/wp-content\/uploads\/sites\/5\/2023\/06\/ONB2023b.jpg",1200,901,false],"thumbnail":["https:\/\/www.pedagogie.ac-nice.fr\/svt\/wp-content\/uploads\/sites\/5\/2023\/06\/ONB2023b-150x150.jpg",150,150,true],"medium":["https:\/\/www.pedagogie.ac-nice.fr\/svt\/wp-content\/uploads\/sites\/5\/2023\/06\/ONB2023b-300x225.jpg",300,225,true],"large":["https:\/\/www.pedagogie.ac-nice.fr\/svt\/wp-content\/uploads\/sites\/5\/2023\/06\/ONB2023b-1024x769.jpg",436,327,true],"1536x1536":["https:\/\/www.pedagogie.ac-nice.fr\/svt\/wp-content\/uploads\/sites\/5\/2023\/06\/ONB2023b.jpg",1200,901,false],"2048x2048":["https:\/\/www.pedagogie.ac-nice.fr\/svt\/wp-content\/uploads\/sites\/5\/2023\/06\/ONB2023b.jpg",1200,901,false],"graphene_slider":["https:\/\/www.pedagogie.ac-nice.fr\/svt\/wp-content\/uploads\/sites\/5\/2023\/06\/ONB2023b-182x400.jpg",182,400,true],"graphene_featured_image":["https:\/\/www.pedagogie.ac-nice.fr\/svt\/wp-content\/uploads\/sites\/5\/2023\/06\/ONB2023b-436x327.jpg",436,327,true],"post-thumbnail":["https:\/\/www.pedagogie.ac-nice.fr\/svt\/wp-content\/uploads\/sites\/5\/2023\/06\/ONB2023b-1200x200.jpg",1200,200,true],"advps-thumb-one":["https:\/\/www.pedagogie.ac-nice.fr\/svt\/wp-content\/uploads\/sites\/5\/2023\/06\/ONB2023b-600x220.jpg",600,220,true]},"rttpg_author":{"display_name":"Philippe COSENTINO","author_link":"https:\/\/www.pedagogie.ac-nice.fr\/svt\/?author=74"},"rttpg_comment":0,"rttpg_category":"<a href=\"https:\/\/www.pedagogie.ac-nice.fr\/svt\/?cat=397\" rel=\"category\">Concours \/ D\u00e9fis<\/a> <a href=\"https:\/\/www.pedagogie.ac-nice.fr\/svt\/?cat=5\" rel=\"category\">L'actu<\/a>","rttpg_excerpt":"Le 4 juin 2023, \u00e0 l\u2019Universit\u00e9 Nice C\u00f4te d\u2019Azur de Valrose-Nice Les Olympiades Nationales de Biologie (ONB) sont une comp\u00e9tition \u00e0 l\u2019\u00e9chelle nationale qui consistent en la conception puis la mise en \u0153uvre d\u2019une d\u00e9marche exp\u00e9rimentale sur un th\u00e8me biologique annuel&nbsp;: \u00ab L\u2019eau et le Vivant&nbsp;\u00bb, pour cette ann\u00e9e 2022-2023. Le format du concours est\u2026","post_mailing_queue_ids":[],"_links":{"self":[{"href":"https:\/\/www.pedagogie.ac-nice.fr\/svt\/index.php?rest_route=\/wp\/v2\/posts\/4001","targetHints":{"allow":["GET"]}}],"collection":[{"href":"https:\/\/www.pedagogie.ac-nice.fr\/svt\/index.php?rest_route=\/wp\/v2\/posts"}],"about":[{"href":"https:\/\/www.pedagogie.ac-nice.fr\/svt\/index.php?rest_route=\/wp\/v2\/types\/post"}],"author":[{"embeddable":true,"href":"https:\/\/www.pedagogie.ac-nice.fr\/svt\/index.php?rest_route=\/wp\/v2\/users\/74"}],"replies":[{"embeddable":true,"href":"https:\/\/www.pedagogie.ac-nice.fr\/svt\/index.php?rest_route=%2Fwp%2Fv2%2Fcomments&post=4001"}],"version-history":[{"count":2,"href":"https:\/\/www.pedagogie.ac-nice.fr\/svt\/index.php?rest_route=\/wp\/v2\/posts\/4001\/revisions"}],"predecessor-version":[{"id":4005,"href":"https:\/\/www.pedagogie.ac-nice.fr\/svt\/index.php?rest_route=\/wp\/v2\/posts\/4001\/revisions\/4005"}],"wp:featuredmedia":[{"embeddable":true,"href":"https:\/\/www.pedagogie.ac-nice.fr\/svt\/index.php?rest_route=\/wp\/v2\/media\/4003"}],"wp:attachment":[{"href":"https:\/\/www.pedagogie.ac-nice.fr\/svt\/index.php?rest_route=%2Fwp%2Fv2%2Fmedia&parent=4001"}],"wp:term":[{"taxonomy":"category","embeddable":true,"href":"https:\/\/www.pedagogie.ac-nice.fr\/svt\/index.php?rest_route=%2Fwp%2Fv2%2Fcategories&post=4001"},{"taxonomy":"post_tag","embeddable":true,"href":"https:\/\/www.pedagogie.ac-nice.fr\/svt\/index.php?rest_route=%2Fwp%2Fv2%2Ftags&post=4001"}],"curies":[{"name":"wp","href":"https:\/\/api.w.org\/{rel}","templated":true}]}}