{"id":4157,"date":"2023-11-09T11:15:03","date_gmt":"2023-11-09T10:15:03","guid":{"rendered":"https:\/\/www.pedagogie.ac-nice.fr\/svt\/?p=4157"},"modified":"2023-11-09T11:15:03","modified_gmt":"2023-11-09T10:15:03","slug":"journee-de-la-biologie-donne-ta-langue-au-chercheur-academie-de-limoges","status":"publish","type":"post","link":"https:\/\/www.pedagogie.ac-nice.fr\/svt\/?p=4157","title":{"rendered":"Journ\u00e9e de la biologie &#8211; Donne ta langue au chercheur &#8211; Acad\u00e9mie de Limoges"},"content":{"rendered":"<div><span style=\"font-family: georgia, palatino, serif;\">L&rsquo;acad\u00e9mie de Limoges a d\u00e9velopp\u00e9 l&rsquo;action \u201c<b>Donne ta&nbsp;<span class=\"il\">langue<\/span>&nbsp;au chercheur &#8211; Journ\u00e9e de la Biologie\u00a0\u00bb&nbsp;<\/b>dans le cadre de LIRES2 (projet national Science avec et pour la soci\u00e9t\u00e9). Ce projet a \u00e9t\u00e9 r\u00e9alis\u00e9 en partenariat avec l\u2019universit\u00e9 de Limoges, l\u2019INSERM local, R\u00e9cr\u00e9asciences (association de m\u00e9diation scientifique en r\u00e9gion Nouvelle Aquitaine), le CAST (<span lang=\"fr\">correspondant acad\u00e9mique pour les sciences et les technologies)<\/span>, des coll\u00e8gues SVT-BGB et \u00e9l\u00e8ves (coll\u00e8ge et lyc\u00e9e).&nbsp;<\/span><\/div>\n<p><span style=\"font-family: georgia, palatino, serif;\">Le projet&nbsp;<b>\u00ab&nbsp;donne ta&nbsp;<span class=\"il\">langue<\/span>&nbsp;au chercheur&nbsp;\u00bb<\/b>&nbsp;a&nbsp;propos\u00e9 \u00e0&nbsp;tous les coll\u00e9giens et tous les lyc\u00e9ens de l\u2019Acad\u00e9mie de Limoges&nbsp;de&nbsp;poser des questions&nbsp;de biologie (sant\u00e9 et environnement) aux personnels des laboratoires de recherche de l\u2019Universit\u00e9 de Limoges en sciences du vivant (laboratoires soutenus par l\u2019Universit\u00e9, le CNRS, l\u2019Inserm, l\u2019INRAE, l\u2019IRD et le CHU) durant l\u2019hiver 2022.&nbsp;<\/span><\/p>\n<div>\n<div><span style=\"font-family: georgia, palatino, serif;\">Les questions pos\u00e9es sont de&nbsp;tous les niveaux&nbsp;et portent sur&nbsp;tous les domaines de la biologie&nbsp;!&nbsp;<\/span><\/div>\n<div><span style=\"font-family: georgia, palatino, serif;\">&nbsp;<\/span><\/div>\n<div><span style=\"font-family: georgia, palatino, serif;\">De mani\u00e8re plus large ce projet LIRES2 port\u00e9 par l\u2019Universit\u00e9 de Limoges et R\u00e9cr\u00e9asciences (<a href=\"https:\/\/www.unilim.fr\/science-et-societe-donner-sa-langue-au-chercheur\/\" target=\"_blank\" rel=\"noopener\" data-saferedirecturl=\"https:\/\/www.google.com\/url?q=https:\/\/www.unilim.fr\/science-et-societe-donner-sa-langue-au-chercheur\/&amp;source=gmail&amp;ust=1699610032418000&amp;usg=AOvVaw0__aK31WjZfuAYQSUbNYZy\">https:\/\/www.unilim.fr\/<wbr>science-et-societe-donner-sa-<wbr><span class=\"il\">langue<\/span>-au-chercheur\/<\/a>&nbsp;)&nbsp;propose de restaurer les \u00e9changes entre la communaut\u00e9 scientifique et la soci\u00e9t\u00e9 civile, en&nbsp;permettant aux&nbsp;chercheurs et&nbsp;<a href=\"http:\/\/www.unilim.fr\/science-et-societe-donner-sa-langue-au-chercheur\/partenaires\/\" target=\"_blank\" rel=\"noopener\" data-saferedirecturl=\"https:\/\/www.google.com\/url?q=http:\/\/www.unilim.fr\/science-et-societe-donner-sa-langue-au-chercheur\/partenaires\/&amp;source=gmail&amp;ust=1699610032418000&amp;usg=AOvVaw0kyqzoONofrLyqzK6BnF7u\"><span style=\"color: #000000;\">partenaires<\/span><\/a>&nbsp;du projet de r\u00e9pondre&nbsp;aux questions que chaque citoyen se pose (une th\u00e9matique est d\u00e9termin\u00e9e).<\/span><\/div>\n<div>&nbsp;<\/div>\n<div><span style=\"font-family: georgia, palatino, serif;\"><a href=\"https:\/\/www.pedagogie.ac-nice.fr\/svt\/wp-content\/uploads\/sites\/5\/2023\/11\/Livre_Journee-biologie_Limoges_2023.pdf\" target=\"_blank\" rel=\"noopener\">A t\u00e9l\u00e9charger (format pdf) : le livret \u00e9dit\u00e9 pour la version \u201cscolaire\u00a0\u00bb qui contient de nombreuses r\u00e9f\u00e9rences utiles. Tout est libre de droit et peut \u00eatre utilis\u00e9.<\/a><\/span><\/div>\n<\/div>\n","protected":false},"excerpt":{"rendered":"<p>L&rsquo;acad\u00e9mie de Limoges a d\u00e9velopp\u00e9 l&rsquo;action \u201cDonne ta&nbsp;langue&nbsp;au chercheur &#8211; Journ\u00e9e de la Biologie\u00a0\u00bb&nbsp;dans le cadre de LIRES2 (projet national Science avec et pour la soci\u00e9t\u00e9). Ce projet a \u00e9t\u00e9 r\u00e9alis\u00e9 en partenariat avec l\u2019universit\u00e9 de Limoges, l\u2019INSERM local, R\u00e9cr\u00e9asciences (association de m\u00e9diation scientifique en r\u00e9gion Nouvelle Aquitaine), le CAST (correspondant acad\u00e9mique pour les sciences &hellip; <\/p>\n<p><a class=\"more-link btn\" href=\"https:\/\/www.pedagogie.ac-nice.fr\/svt\/?p=4157\">Lire la suite<\/a><\/p>\n","protected":false},"author":74,"featured_media":0,"comment_status":"closed","ping_status":"closed","sticky":false,"template":"","format":"standard","meta":{"ngg_post_thumbnail":0,"footnotes":""},"categories":[5,1],"tags":[],"class_list":["post-4157","post","type-post","status-publish","format-standard","hentry","category-actualite","category-non-classe","nodate","item-wrap"],"rttpg_featured_image_url":null,"rttpg_author":{"display_name":"Philippe COSENTINO","author_link":"https:\/\/www.pedagogie.ac-nice.fr\/svt\/?author=74"},"rttpg_comment":0,"rttpg_category":"<a href=\"https:\/\/www.pedagogie.ac-nice.fr\/svt\/?cat=5\" rel=\"category\">L'actu<\/a> <a href=\"https:\/\/www.pedagogie.ac-nice.fr\/svt\/?cat=1\" rel=\"category\">Non class\u00e9<\/a>","rttpg_excerpt":"L&rsquo;acad\u00e9mie de Limoges a d\u00e9velopp\u00e9 l&rsquo;action \u201cDonne ta&nbsp;langue&nbsp;au chercheur &#8211; Journ\u00e9e de la Biologie\u00a0\u00bb&nbsp;dans le cadre de LIRES2 (projet national Science avec et pour la soci\u00e9t\u00e9). Ce projet a \u00e9t\u00e9 r\u00e9alis\u00e9 en partenariat avec l\u2019universit\u00e9 de Limoges, l\u2019INSERM local, R\u00e9cr\u00e9asciences (association de m\u00e9diation scientifique en r\u00e9gion Nouvelle Aquitaine), le CAST (correspondant acad\u00e9mique pour les sciences\u2026","post_mailing_queue_ids":[],"_links":{"self":[{"href":"https:\/\/www.pedagogie.ac-nice.fr\/svt\/index.php?rest_route=\/wp\/v2\/posts\/4157","targetHints":{"allow":["GET"]}}],"collection":[{"href":"https:\/\/www.pedagogie.ac-nice.fr\/svt\/index.php?rest_route=\/wp\/v2\/posts"}],"about":[{"href":"https:\/\/www.pedagogie.ac-nice.fr\/svt\/index.php?rest_route=\/wp\/v2\/types\/post"}],"author":[{"embeddable":true,"href":"https:\/\/www.pedagogie.ac-nice.fr\/svt\/index.php?rest_route=\/wp\/v2\/users\/74"}],"replies":[{"embeddable":true,"href":"https:\/\/www.pedagogie.ac-nice.fr\/svt\/index.php?rest_route=%2Fwp%2Fv2%2Fcomments&post=4157"}],"version-history":[{"count":2,"href":"https:\/\/www.pedagogie.ac-nice.fr\/svt\/index.php?rest_route=\/wp\/v2\/posts\/4157\/revisions"}],"predecessor-version":[{"id":4160,"href":"https:\/\/www.pedagogie.ac-nice.fr\/svt\/index.php?rest_route=\/wp\/v2\/posts\/4157\/revisions\/4160"}],"wp:attachment":[{"href":"https:\/\/www.pedagogie.ac-nice.fr\/svt\/index.php?rest_route=%2Fwp%2Fv2%2Fmedia&parent=4157"}],"wp:term":[{"taxonomy":"category","embeddable":true,"href":"https:\/\/www.pedagogie.ac-nice.fr\/svt\/index.php?rest_route=%2Fwp%2Fv2%2Fcategories&post=4157"},{"taxonomy":"post_tag","embeddable":true,"href":"https:\/\/www.pedagogie.ac-nice.fr\/svt\/index.php?rest_route=%2Fwp%2Fv2%2Ftags&post=4157"}],"curies":[{"name":"wp","href":"https:\/\/api.w.org\/{rel}","templated":true}]}}