{"id":4170,"date":"2023-11-09T11:51:28","date_gmt":"2023-11-09T10:51:28","guid":{"rendered":"https:\/\/www.pedagogie.ac-nice.fr\/svt\/?p=4170"},"modified":"2023-11-09T11:51:28","modified_gmt":"2023-11-09T10:51:28","slug":"inserm-colloque-national-femme-sciences","status":"publish","type":"post","link":"https:\/\/www.pedagogie.ac-nice.fr\/svt\/?p=4170","title":{"rendered":"INSERM &#8211; Colloque national Femme &#038; Sciences"},"content":{"rendered":"<p>Le colloque national de F&amp;S va bient\u00f4t avoir lieu et \u00e0 cette occasion nous proposons chaque ann\u00e9e un webinaire gratuit destin\u00e9 aux enseignants.<\/p>\n<p>Il aura lieu le 22 novembre, le matin pour les enseignant.es du premier degr\u00e9, l&rsquo;apr\u00e8s-midi pour celles et ceux du second degr\u00e9.Voil\u00e0 les informations pour l&rsquo;inscription :<br \/>\nComme les ann\u00e9es pass\u00e9es, *un webinaire gratuit de formation* est propos\u00e9 \u00e0 destination des enseignant\u00b7es (professeur\u00b7es d&rsquo;\u00e9cole le matin, de coll\u00e8ge et lyc\u00e9e l&rsquo;apr\u00e8s-midi) mais \u00e9galement ouvert \u00e0 toutes et tous.<\/p>\n<p><em><strong>\u00ab\u00a0Former \u00e0 la science et par la science, d\u00e9velopper le go\u00fbt pour les sciences. Pallier la sous-repr\u00e9sentation des filles en sciences, en physique en particulier\u00a0\u00bb<\/strong><\/em><\/p>\n<p><span style=\"text-decoration: underline;\"><strong>Les inscriptions sont ouvertes<\/strong><\/span><\/p>\n<p>Le programme pr\u00e9visionnel de la formation est accessible sur le site de F&amp;S.<br \/>\n<a href=\"https:\/\/www.femmesetsciences.fr\/news-2\/colloque-2023-de-femmes-%26-sciences\" target=\"_blank\" rel=\"noopener\">https:\/\/www.femmesetsciences.fr\/news-2\/colloque-2023-de-femmes-%26-sciences<\/a><\/p>\n<p><a href=\"https:\/\/10ca8303-b3dc-4a91-9dcc-2d2b91792b47.usrfiles.com\/ugd\/10ca83_e7ec2d2e5d1b4088a64ecea4a5c3e667.pdf\" target=\"_blank\" rel=\"noopener\">T\u00e9l\u00e9charger le programme (format pdf)<\/a><\/p>\n<p>Lien d&rsquo;inscription sp\u00e9cifique \u00e0 la formation du 22 novembre, en distanciel :<br \/>\n<a href=\"https:\/\/www.eventbrite.fr\/e\/740696431967?aff=oddtdtcreator\" target=\"_blank\" rel=\"noopener\">https:\/\/www.eventbrite.fr\/e\/740696431967?aff=oddtdtcreator<\/a><\/p>\n","protected":false},"excerpt":{"rendered":"<p>Le colloque national de F&amp;S va bient\u00f4t avoir lieu et \u00e0 cette occasion nous proposons chaque ann\u00e9e un webinaire gratuit destin\u00e9 aux enseignants. Il aura lieu le 22 novembre, le matin pour les enseignant.es du premier degr\u00e9, l&rsquo;apr\u00e8s-midi pour celles et ceux du second degr\u00e9.Voil\u00e0 les informations pour l&rsquo;inscription : Comme les ann\u00e9es pass\u00e9es, *un &hellip; <\/p>\n<p><a class=\"more-link btn\" href=\"https:\/\/www.pedagogie.ac-nice.fr\/svt\/?p=4170\">Lire la suite<\/a><\/p>\n","protected":false},"author":74,"featured_media":0,"comment_status":"closed","ping_status":"closed","sticky":false,"template":"","format":"standard","meta":{"ngg_post_thumbnail":0,"footnotes":""},"categories":[61,5],"tags":[],"class_list":["post-4170","post","type-post","status-publish","format-standard","hentry","category-conferences","category-actualite","nodate","item-wrap"],"rttpg_featured_image_url":null,"rttpg_author":{"display_name":"Philippe COSENTINO","author_link":"https:\/\/www.pedagogie.ac-nice.fr\/svt\/?author=74"},"rttpg_comment":0,"rttpg_category":"<a href=\"https:\/\/www.pedagogie.ac-nice.fr\/svt\/?cat=61\" rel=\"category\">Conf\u00e9rences<\/a> <a href=\"https:\/\/www.pedagogie.ac-nice.fr\/svt\/?cat=5\" rel=\"category\">L'actu<\/a>","rttpg_excerpt":"Le colloque national de F&amp;S va bient\u00f4t avoir lieu et \u00e0 cette occasion nous proposons chaque ann\u00e9e un webinaire gratuit destin\u00e9 aux enseignants. Il aura lieu le 22 novembre, le matin pour les enseignant.es du premier degr\u00e9, l&rsquo;apr\u00e8s-midi pour celles et ceux du second degr\u00e9.Voil\u00e0 les informations pour l&rsquo;inscription : Comme les ann\u00e9es pass\u00e9es, *un\u2026","post_mailing_queue_ids":[],"_links":{"self":[{"href":"https:\/\/www.pedagogie.ac-nice.fr\/svt\/index.php?rest_route=\/wp\/v2\/posts\/4170","targetHints":{"allow":["GET"]}}],"collection":[{"href":"https:\/\/www.pedagogie.ac-nice.fr\/svt\/index.php?rest_route=\/wp\/v2\/posts"}],"about":[{"href":"https:\/\/www.pedagogie.ac-nice.fr\/svt\/index.php?rest_route=\/wp\/v2\/types\/post"}],"author":[{"embeddable":true,"href":"https:\/\/www.pedagogie.ac-nice.fr\/svt\/index.php?rest_route=\/wp\/v2\/users\/74"}],"replies":[{"embeddable":true,"href":"https:\/\/www.pedagogie.ac-nice.fr\/svt\/index.php?rest_route=%2Fwp%2Fv2%2Fcomments&post=4170"}],"version-history":[{"count":1,"href":"https:\/\/www.pedagogie.ac-nice.fr\/svt\/index.php?rest_route=\/wp\/v2\/posts\/4170\/revisions"}],"predecessor-version":[{"id":4171,"href":"https:\/\/www.pedagogie.ac-nice.fr\/svt\/index.php?rest_route=\/wp\/v2\/posts\/4170\/revisions\/4171"}],"wp:attachment":[{"href":"https:\/\/www.pedagogie.ac-nice.fr\/svt\/index.php?rest_route=%2Fwp%2Fv2%2Fmedia&parent=4170"}],"wp:term":[{"taxonomy":"category","embeddable":true,"href":"https:\/\/www.pedagogie.ac-nice.fr\/svt\/index.php?rest_route=%2Fwp%2Fv2%2Fcategories&post=4170"},{"taxonomy":"post_tag","embeddable":true,"href":"https:\/\/www.pedagogie.ac-nice.fr\/svt\/index.php?rest_route=%2Fwp%2Fv2%2Ftags&post=4170"}],"curies":[{"name":"wp","href":"https:\/\/api.w.org\/{rel}","templated":true}]}}