{"id":4953,"date":"2024-10-01T20:09:31","date_gmt":"2024-10-01T18:09:31","guid":{"rendered":"https:\/\/www.pedagogie.ac-nice.fr\/svt\/?p=4953"},"modified":"2024-10-01T20:10:44","modified_gmt":"2024-10-01T18:10:44","slug":"olympiades-internationales-de-biologie-2024-2025","status":"publish","type":"post","link":"https:\/\/www.pedagogie.ac-nice.fr\/svt\/?p=4953","title":{"rendered":"Olympiades Nationales de Biologie 2024-2025"},"content":{"rendered":"<p>Les Olympiades nationales de biologie (ONB) se d\u00e9roulent sur une ann\u00e9e scolaire, d&rsquo;octobre \u00e0 mars.<\/p>\n<p>Le th\u00e8me retenu pour la session 2024 \u2013 2025 \u00ab&nbsp;<strong>Le vivant en mouvement<\/strong>&nbsp;\u00bb.<\/p>\n<p><img loading=\"lazy\" decoding=\"async\" class=\"size-medium wp-image-4955 aligncenter\" src=\"https:\/\/www.pedagogie.ac-nice.fr\/svt\/wp-content\/uploads\/sites\/5\/2024\/10\/2025_affiche_inscription_WEB_def_03092024-221x300.jpg\" alt=\"\" width=\"221\" height=\"300\" srcset=\"https:\/\/www.pedagogie.ac-nice.fr\/svt\/wp-content\/uploads\/sites\/5\/2024\/10\/2025_affiche_inscription_WEB_def_03092024-221x300.jpg 221w, https:\/\/www.pedagogie.ac-nice.fr\/svt\/wp-content\/uploads\/sites\/5\/2024\/10\/2025_affiche_inscription_WEB_def_03092024-436x592.jpg 436w, https:\/\/www.pedagogie.ac-nice.fr\/svt\/wp-content\/uploads\/sites\/5\/2024\/10\/2025_affiche_inscription_WEB_def_03092024.jpg 700w\" sizes=\"auto, (max-width: 221px) 100vw, 221px\" \/><!--more--><\/p>\n<p><strong><u>\u00c9l\u00e8ves concern\u00e9s :<\/u><\/strong><\/p>\n<p>Les Olympiades Nationales de Biologie sont ouvertes sur la base du volontariat \u00e0 tous les lyc\u00e9ens, de seconde, de premi\u00e8re et de terminale de la s\u00e9rie g\u00e9n\u00e9rale ainsi qu\u2019aux \u00e9l\u00e8ves des s\u00e9ries technologiques STL et ST2S de l\u2019enseignement public et priv\u00e9 sous contrat. Le concours est \u00e9galement ouvert aux \u00e9l\u00e8ves des lyc\u00e9es agricoles.<\/p>\n<p>&nbsp;<\/p>\n<p><strong><u>Objectifs p\u00e9dagogiques&nbsp;:<\/u><\/strong><\/p>\n<ul>\n<li>D\u00e9velopper le go\u00fbt des sciences chez les lyc\u00e9ens.<\/li>\n<li>Pr\u00e9paration \u00e0 l\u2019\u00e9preuve orale terminale du baccalaur\u00e9at.<\/li>\n<li>Souligner le lien \u00e9troit entre la biologie et l\u2019\u00e9ventail des m\u00e9tiers qui lui sont associ\u00e9s.<\/li>\n<\/ul>\n<p>&nbsp;<\/p>\n<p><strong><u>Modalit\u00e9s du concours&nbsp;:<\/u><\/strong><\/p>\n<ul>\n<li>Septembre \/ 10 d\u00e9cembre 2024 : inscriptions et d\u00e9but des projets.<\/li>\n<\/ul>\n<p>Le concours se d\u00e9roule sur une ann\u00e9e scolaire. Les inscriptions d\u00e9marrent chaque ann\u00e9e d\u00e8s le mois de septembre et se terminent le 10 d\u00e9cembre. Celles-ci se font via l\u2019enseignant de SVT par l\u2019outil <a href=\"https:\/\/eduscol.education.fr\/3004\/l-application-adage\">ADAGE<\/a> (document d\u2019accompagnement \u00e0 l\u2019inscription).<\/p>\n<p>&nbsp;<\/p>\n<ul>\n<li>24 f\u00e9vrier 2025 : fin du projet, d\u00e9p\u00f4t des vid\u00e9os et abstracts.<\/li>\n<li>Mars 2025 : S\u00e9lection<\/li>\n<li>Avril 2025&nbsp;: C\u00e9r\u00e9monie nationale<\/li>\n<li>Mai 2025&nbsp;: C\u00e9r\u00e9monie acad\u00e9mique<\/li>\n<\/ul>\n<p>&nbsp;<\/p>\n<p><strong>Les dates exactes seront confirm\u00e9es ult\u00e9rieurement.<\/strong><\/p>\n<p><strong>&nbsp;<\/strong><\/p>\n<p>Les \u00e9l\u00e8ves pourront \u00eatre conseill\u00e9s par des chercheurs biologistes de l&rsquo;EUR Life de l&rsquo;Universit\u00e9 C\u00f4te d&rsquo;Azur.&nbsp;<\/p>\n<p>&nbsp;<\/p>\n<p><strong><u>Modalit\u00e9s de participation<\/u><\/strong><\/p>\n<p>Les Olympiades nationales de biologie (ONB) se d\u00e9roulent sur une ann\u00e9e scolaire, d&rsquo;octobre \u00e0 mars.<\/p>\n<p>Format de l&rsquo;\u00e9preuve<\/p>\n<p>Cependant, afin que les \u00e9l\u00e8ves ayant d\u00e9j\u00e0 particip\u00e9 en classe de premi\u00e8re puissent poursuivre leurs travaux, le th\u00e8me 2023-2024,&nbsp;\u00ab&nbsp;La biodiversit\u00e9 dans les \u00e9cosyst\u00e8mes \u00bb reste valable.<\/p>\n<p>&nbsp;<\/p>\n<p><strong><u>Format de l\u2019\u00e9preuve&nbsp;:<\/u><\/strong><\/p>\n<p>L&rsquo;\u00e9preuve se d\u00e9roule sous la forme de projets collaboratifs. Des groupes de 2 \u00e0 4 \u00e9l\u00e8ves doivent trouver un projet de recherche en lien avec la th\u00e9matique du concours de l&rsquo;ann\u00e9e. Au sein des \u00e9tablissements participants, l&rsquo;id\u00e9al est de constituer plusieurs groupes travaillant sur diff\u00e9rents projets. Le projet \u00e9labor\u00e9 par les \u00e9l\u00e8ves doit comporter au minimum une mise en \u0153uvre exp\u00e9rimentale.<\/p>\n<p>&nbsp;<\/p>\n<p>\u00c0 la fin de leur projet de recherche, les \u00e9l\u00e8ves doivent rendre une pr\u00e9sentation vid\u00e9o de leur projet (5 minutes maximum) qui devra inclure leurs exp\u00e9rimentations ainsi qu&rsquo;un abstract de 15 lignes.<\/p>\n<p>Pour mieux appr\u00e9hender les modalit\u00e9s concr\u00e8tes de ce concours, et en comprendre le d\u00e9roul\u00e9, une conf\u00e9rence de Laurent Carry ainsi que toutes les vid\u00e9os pr\u00e9sent\u00e9es lors de la finale sont consultables sur <a href=\"https:\/\/www.youtube.com\/@olympiadesdebiologie7483\">la page des Olympiades Fran\u00e7aises de Biologie<\/a><\/p>\n<p>&nbsp;<\/p>\n<p>Vous retrouverez toutes les modalit\u00e9s du concours sont sur le site <a href=\"https:\/\/olympiadesdebiologie.fr\/onb\/\">Olympiades de Biologie<\/a>.<\/p>\n<p>Pour l&rsquo;acad\u00e9mie de Nice, la r\u00e9f\u00e9rente des ONB est Isabelle Defert&nbsp;: <a href=\"mailto:Isabelle.Defert@ac-nice.fr\">Isabelle.Defert@ac-nice.fr<\/a><\/p>\n<p>Document \u00e0 t\u00e9l\u00e9charger (PDF) : <a href=\"https:\/\/www.pedagogie.ac-nice.fr\/svt\/wp-content\/uploads\/sites\/5\/2024\/10\/Sinscrire-aux-ONB-Adage.pdf\" target=\"_blank\" rel=\"noopener\">S&rsquo;inscrire aux ONB<\/a><\/p>\n","protected":false},"excerpt":{"rendered":"<p>Les Olympiades nationales de biologie (ONB) se d\u00e9roulent sur une ann\u00e9e scolaire, d&rsquo;octobre \u00e0 mars. Le th\u00e8me retenu pour la session 2024 \u2013 2025 \u00ab&nbsp;Le vivant en mouvement&nbsp;\u00bb.<\/p><p><a class=\"more-link btn\" href=\"https:\/\/www.pedagogie.ac-nice.fr\/svt\/?p=4953\">Lire la suite<\/a><\/p>\n","protected":false},"author":74,"featured_media":0,"comment_status":"closed","ping_status":"closed","sticky":false,"template":"","format":"standard","meta":{"ngg_post_thumbnail":0,"footnotes":""},"categories":[397,5],"tags":[420,30,428],"class_list":["post-4953","post","type-post","status-publish","format-standard","hentry","category-concours-defis","category-actualite","tag-biologie","tag-olympiades","tag-onb","nodate","item-wrap"],"rttpg_featured_image_url":null,"rttpg_author":{"display_name":"Philippe COSENTINO","author_link":"https:\/\/www.pedagogie.ac-nice.fr\/svt\/?author=74"},"rttpg_comment":0,"rttpg_category":"<a href=\"https:\/\/www.pedagogie.ac-nice.fr\/svt\/?cat=397\" rel=\"category\">Concours \/ D\u00e9fis<\/a> <a href=\"https:\/\/www.pedagogie.ac-nice.fr\/svt\/?cat=5\" rel=\"category\">L'actu<\/a>","rttpg_excerpt":"Les Olympiades nationales de biologie (ONB) se d\u00e9roulent sur une ann\u00e9e scolaire, d&rsquo;octobre \u00e0 mars. Le th\u00e8me retenu pour la session 2024 \u2013 2025 \u00ab&nbsp;Le vivant en mouvement&nbsp;\u00bb.","post_mailing_queue_ids":[],"_links":{"self":[{"href":"https:\/\/www.pedagogie.ac-nice.fr\/svt\/index.php?rest_route=\/wp\/v2\/posts\/4953","targetHints":{"allow":["GET"]}}],"collection":[{"href":"https:\/\/www.pedagogie.ac-nice.fr\/svt\/index.php?rest_route=\/wp\/v2\/posts"}],"about":[{"href":"https:\/\/www.pedagogie.ac-nice.fr\/svt\/index.php?rest_route=\/wp\/v2\/types\/post"}],"author":[{"embeddable":true,"href":"https:\/\/www.pedagogie.ac-nice.fr\/svt\/index.php?rest_route=\/wp\/v2\/users\/74"}],"replies":[{"embeddable":true,"href":"https:\/\/www.pedagogie.ac-nice.fr\/svt\/index.php?rest_route=%2Fwp%2Fv2%2Fcomments&post=4953"}],"version-history":[{"count":3,"href":"https:\/\/www.pedagogie.ac-nice.fr\/svt\/index.php?rest_route=\/wp\/v2\/posts\/4953\/revisions"}],"predecessor-version":[{"id":4958,"href":"https:\/\/www.pedagogie.ac-nice.fr\/svt\/index.php?rest_route=\/wp\/v2\/posts\/4953\/revisions\/4958"}],"wp:attachment":[{"href":"https:\/\/www.pedagogie.ac-nice.fr\/svt\/index.php?rest_route=%2Fwp%2Fv2%2Fmedia&parent=4953"}],"wp:term":[{"taxonomy":"category","embeddable":true,"href":"https:\/\/www.pedagogie.ac-nice.fr\/svt\/index.php?rest_route=%2Fwp%2Fv2%2Fcategories&post=4953"},{"taxonomy":"post_tag","embeddable":true,"href":"https:\/\/www.pedagogie.ac-nice.fr\/svt\/index.php?rest_route=%2Fwp%2Fv2%2Ftags&post=4953"}],"curies":[{"name":"wp","href":"https:\/\/api.w.org\/{rel}","templated":true}]}}