{"id":627,"date":"2017-08-01T05:05:40","date_gmt":"2017-08-01T03:05:40","guid":{"rendered":"https:\/\/www.pedagogie.ac-nice.fr\/svt\/?p=627"},"modified":"2018-08-01T05:43:18","modified_gmt":"2018-08-01T03:43:18","slug":"627","status":"publish","type":"post","link":"https:\/\/www.pedagogie.ac-nice.fr\/svt\/?p=627","title":{"rendered":"Mod\u00e8le mol\u00e9culaire d&rsquo;endonucl\u00e9ase et r\u00e9paration de l&rsquo;ADN"},"content":{"rendered":"<p>Mod\u00e8le mol\u00e9culaire permettant d&rsquo;\u00e9tudier le complexe form\u00e9 par une endonucl\u00e9ase et un fragment d&rsquo;ADN pr\u00e9sentant un dim\u00e8re de thymine.<\/p>\n<p><a href=\"https:\/\/www.pedagogie.ac-nice.fr\/svt\/productions\/molecules\/enzyme-reparation\/\" target=\"_blank\" rel=\"noopener\">https:\/\/www.pedagogie.ac-nice.fr\/svt\/productions\/molecules\/enzyme-reparation\/<\/a><\/p>\n<p style=\"text-align: right\"><em>Auteur : Philippe Cosentino<\/em><\/p>\n","protected":false},"excerpt":{"rendered":"<p>Mod\u00e8le mol\u00e9culaire permettant d&rsquo;\u00e9tudier le complexe form\u00e9 par une endonucl\u00e9ase et un fragment d&rsquo;ADN pr\u00e9sentant un dim\u00e8re de thymine. https:\/\/www.pedagogie.ac-nice.fr\/svt\/productions\/molecules\/enzyme-reparation\/ Auteur : Philippe Cosentino<\/p>\n","protected":false},"author":74,"featured_media":0,"comment_status":"closed","ping_status":"closed","sticky":false,"template":"","format":"standard","meta":{"ngg_post_thumbnail":0,"footnotes":""},"categories":[18,8,77],"tags":[66],"class_list":["post-627","post","type-post","status-publish","format-standard","hentry","category-devant-ecran","category-logiciels","category-modeles-moleculaires","tag-molecules","nodate","item-wrap"],"rttpg_featured_image_url":null,"rttpg_author":{"display_name":"Philippe COSENTINO","author_link":"https:\/\/www.pedagogie.ac-nice.fr\/svt\/?author=74"},"rttpg_comment":0,"rttpg_category":"<a href=\"https:\/\/www.pedagogie.ac-nice.fr\/svt\/?cat=18\" rel=\"category\">Devant l'\u00e9cran<\/a> <a href=\"https:\/\/www.pedagogie.ac-nice.fr\/svt\/?cat=8\" rel=\"category\">Logiciels<\/a> <a href=\"https:\/\/www.pedagogie.ac-nice.fr\/svt\/?cat=77\" rel=\"category\">Mod\u00e8les mol\u00e9culaires<\/a>","rttpg_excerpt":"Mod\u00e8le mol\u00e9culaire permettant d&rsquo;\u00e9tudier le complexe form\u00e9 par une endonucl\u00e9ase et un fragment d&rsquo;ADN pr\u00e9sentant un dim\u00e8re de thymine. https:\/\/www.pedagogie.ac-nice.fr\/svt\/productions\/molecules\/enzyme-reparation\/ Auteur : Philippe Cosentino","post_mailing_queue_ids":[],"_links":{"self":[{"href":"https:\/\/www.pedagogie.ac-nice.fr\/svt\/index.php?rest_route=\/wp\/v2\/posts\/627","targetHints":{"allow":["GET"]}}],"collection":[{"href":"https:\/\/www.pedagogie.ac-nice.fr\/svt\/index.php?rest_route=\/wp\/v2\/posts"}],"about":[{"href":"https:\/\/www.pedagogie.ac-nice.fr\/svt\/index.php?rest_route=\/wp\/v2\/types\/post"}],"author":[{"embeddable":true,"href":"https:\/\/www.pedagogie.ac-nice.fr\/svt\/index.php?rest_route=\/wp\/v2\/users\/74"}],"replies":[{"embeddable":true,"href":"https:\/\/www.pedagogie.ac-nice.fr\/svt\/index.php?rest_route=%2Fwp%2Fv2%2Fcomments&post=627"}],"version-history":[{"count":2,"href":"https:\/\/www.pedagogie.ac-nice.fr\/svt\/index.php?rest_route=\/wp\/v2\/posts\/627\/revisions"}],"predecessor-version":[{"id":629,"href":"https:\/\/www.pedagogie.ac-nice.fr\/svt\/index.php?rest_route=\/wp\/v2\/posts\/627\/revisions\/629"}],"wp:attachment":[{"href":"https:\/\/www.pedagogie.ac-nice.fr\/svt\/index.php?rest_route=%2Fwp%2Fv2%2Fmedia&parent=627"}],"wp:term":[{"taxonomy":"category","embeddable":true,"href":"https:\/\/www.pedagogie.ac-nice.fr\/svt\/index.php?rest_route=%2Fwp%2Fv2%2Fcategories&post=627"},{"taxonomy":"post_tag","embeddable":true,"href":"https:\/\/www.pedagogie.ac-nice.fr\/svt\/index.php?rest_route=%2Fwp%2Fv2%2Ftags&post=627"}],"curies":[{"name":"wp","href":"https:\/\/api.w.org\/{rel}","templated":true}]}}