{"id":630,"date":"2017-08-01T05:07:45","date_gmt":"2017-08-01T03:07:45","guid":{"rendered":"https:\/\/www.pedagogie.ac-nice.fr\/svt\/?p=630"},"modified":"2018-09-12T17:46:34","modified_gmt":"2018-09-12T15:46:34","slug":"comparaison-de-modeles-moleculaires-et-de-mailles-cristallines-matiere-issue-du-vivant-versus-matiere-minerale","status":"publish","type":"post","link":"https:\/\/www.pedagogie.ac-nice.fr\/svt\/?p=630","title":{"rendered":"Comparaison de mod\u00e8les mol\u00e9culaires et de mailles cristallines (mati\u00e8re issue du vivant versus mati\u00e8re min\u00e9rale)"},"content":{"rendered":"<p>Cette application permet d&rsquo;afficher diverses mol\u00e9cules et mailles cristallines, afin de compter les atomes qui les constituent.<\/p>\n<p><a href=\"https:\/\/www.pedagogie.ac-nice.fr\/svt\/wp-content\/uploads\/sites\/5\/2017\/08\/Capture.jpg\"><img loading=\"lazy\" decoding=\"async\" class=\"alignnone size-large wp-image-812\" src=\"https:\/\/www.pedagogie.ac-nice.fr\/svt\/wp-content\/uploads\/sites\/5\/2017\/08\/Capture-1024x497.jpg\" alt=\"\" width=\"584\" height=\"283\" srcset=\"https:\/\/www.pedagogie.ac-nice.fr\/svt\/wp-content\/uploads\/sites\/5\/2017\/08\/Capture-1024x497.jpg 1024w, https:\/\/www.pedagogie.ac-nice.fr\/svt\/wp-content\/uploads\/sites\/5\/2017\/08\/Capture-300x146.jpg 300w, https:\/\/www.pedagogie.ac-nice.fr\/svt\/wp-content\/uploads\/sites\/5\/2017\/08\/Capture-768x373.jpg 768w, https:\/\/www.pedagogie.ac-nice.fr\/svt\/wp-content\/uploads\/sites\/5\/2017\/08\/Capture-500x243.jpg 500w, https:\/\/www.pedagogie.ac-nice.fr\/svt\/wp-content\/uploads\/sites\/5\/2017\/08\/Capture.jpg 1899w\" sizes=\"auto, (max-width: 584px) 100vw, 584px\" \/><\/a><\/p>\n<p><a href=\"https:\/\/www.pedagogie.ac-nice.fr\/svt\/productions\/molecules\/vivant-inerte\/\" target=\"_blank\" rel=\"noopener\">https:\/\/www.pedagogie.ac-nice.fr\/svt\/productions\/molecules\/vivant-inerte\/<\/a><\/p>\n<p>Autre version (davantage de mol\u00e9cules) :<\/p>\n<p><a href=\"https:\/\/www.pedagogie.ac-nice.fr\/svt\/productions\/molecules\/vivant-inerte\/index2.htm\" target=\"_blank\" rel=\"noopener\">https:\/\/www.pedagogie.ac-nice.fr\/svt\/productions\/molecules\/vivant-inerte\/index2.htm<\/a><\/p>\n<p style=\"text-align: right\"><em>Auteur : Philippe Cosentino<\/em><\/p>\n","protected":false},"excerpt":{"rendered":"<p>Cette application permet d&rsquo;afficher diverses mol\u00e9cules et mailles cristallines, afin de compter les atomes qui les constituent. https:\/\/www.pedagogie.ac-nice.fr\/svt\/productions\/molecules\/vivant-inerte\/ Autre version (davantage de mol\u00e9cules) : https:\/\/www.pedagogie.ac-nice.fr\/svt\/productions\/molecules\/vivant-inerte\/index2.htm Auteur : Philippe Cosentino<\/p>\n","protected":false},"author":74,"featured_media":0,"comment_status":"closed","ping_status":"closed","sticky":false,"template":"","format":"standard","meta":{"ngg_post_thumbnail":0,"footnotes":""},"categories":[18,8,77],"tags":[66],"class_list":["post-630","post","type-post","status-publish","format-standard","hentry","category-devant-ecran","category-logiciels","category-modeles-moleculaires","tag-molecules","nodate","item-wrap"],"rttpg_featured_image_url":null,"rttpg_author":{"display_name":"Philippe COSENTINO","author_link":"https:\/\/www.pedagogie.ac-nice.fr\/svt\/?author=74"},"rttpg_comment":0,"rttpg_category":"<a href=\"https:\/\/www.pedagogie.ac-nice.fr\/svt\/?cat=18\" rel=\"category\">Devant l'\u00e9cran<\/a> <a href=\"https:\/\/www.pedagogie.ac-nice.fr\/svt\/?cat=8\" rel=\"category\">Logiciels<\/a> <a href=\"https:\/\/www.pedagogie.ac-nice.fr\/svt\/?cat=77\" rel=\"category\">Mod\u00e8les mol\u00e9culaires<\/a>","rttpg_excerpt":"Cette application permet d&rsquo;afficher diverses mol\u00e9cules et mailles cristallines, afin de compter les atomes qui les constituent. https:\/\/www.pedagogie.ac-nice.fr\/svt\/productions\/molecules\/vivant-inerte\/ Autre version (davantage de mol\u00e9cules) : https:\/\/www.pedagogie.ac-nice.fr\/svt\/productions\/molecules\/vivant-inerte\/index2.htm Auteur : Philippe Cosentino","post_mailing_queue_ids":[],"_links":{"self":[{"href":"https:\/\/www.pedagogie.ac-nice.fr\/svt\/index.php?rest_route=\/wp\/v2\/posts\/630","targetHints":{"allow":["GET"]}}],"collection":[{"href":"https:\/\/www.pedagogie.ac-nice.fr\/svt\/index.php?rest_route=\/wp\/v2\/posts"}],"about":[{"href":"https:\/\/www.pedagogie.ac-nice.fr\/svt\/index.php?rest_route=\/wp\/v2\/types\/post"}],"author":[{"embeddable":true,"href":"https:\/\/www.pedagogie.ac-nice.fr\/svt\/index.php?rest_route=\/wp\/v2\/users\/74"}],"replies":[{"embeddable":true,"href":"https:\/\/www.pedagogie.ac-nice.fr\/svt\/index.php?rest_route=%2Fwp%2Fv2%2Fcomments&post=630"}],"version-history":[{"count":2,"href":"https:\/\/www.pedagogie.ac-nice.fr\/svt\/index.php?rest_route=\/wp\/v2\/posts\/630\/revisions"}],"predecessor-version":[{"id":813,"href":"https:\/\/www.pedagogie.ac-nice.fr\/svt\/index.php?rest_route=\/wp\/v2\/posts\/630\/revisions\/813"}],"wp:attachment":[{"href":"https:\/\/www.pedagogie.ac-nice.fr\/svt\/index.php?rest_route=%2Fwp%2Fv2%2Fmedia&parent=630"}],"wp:term":[{"taxonomy":"category","embeddable":true,"href":"https:\/\/www.pedagogie.ac-nice.fr\/svt\/index.php?rest_route=%2Fwp%2Fv2%2Fcategories&post=630"},{"taxonomy":"post_tag","embeddable":true,"href":"https:\/\/www.pedagogie.ac-nice.fr\/svt\/index.php?rest_route=%2Fwp%2Fv2%2Ftags&post=630"}],"curies":[{"name":"wp","href":"https:\/\/api.w.org\/{rel}","templated":true}]}}